{"id":115494,"date":"2019-11-24T17:10:05","date_gmt":"2019-11-24T16:10:05","guid":{"rendered":"https:\/\/zjarr.tv\/?p=115494"},"modified":"2019-11-24T14:29:59","modified_gmt":"2019-11-24T13:29:59","slug":"venusi-dhe-jupiteri-do-jene-shume-te-dukshem-sot-ja-kur-do-te-shfaqen-ne-qiell","status":"publish","type":"post","link":"https:\/\/zjarr.tv\/sq\/venusi-dhe-jupiteri-do-jene-shume-te-dukshem-sot-ja-kur-do-te-shfaqen-ne-qiell\/","title":{"rendered":"Venusi dhe Jupiteri do jen\u00eb shum\u00eb t\u00eb duksh\u00ebm sot, ja kur do t\u00eb shfaqen n\u00eb qiell"},"content":{"rendered":"<p>Dy planet\u00ebt m\u00eb t\u00eb ndritsh\u00ebm do t\u00eb shfaqen vet\u00ebm 1.4\u00ba larg n\u00eb qiell mbr\u00ebmjen e sotme.<\/p>\n<p>N\u00ebse keni qen\u00eb s\u00eb fundmi jasht\u00eb gjat\u00eb net\u00ebve me siguri keni dalluar nj\u00eb &#8220;yll&#8221; super t\u00eb shndritsh\u00ebm q\u00eb shk\u00eblqen n\u00eb jugper\u00ebndim.<\/p>\n<p>Ky n\u00eb fakt \u00ebsht\u00eb Venusi, i cili shpesh \u00ebsht\u00eb quajtur edhe &#8220;Ylli i Mbr\u00ebmjes&#8221; dhe ka qen\u00eb koh\u00ebt e fundit i duksh\u00ebm mbr\u00ebmjeve pasi kaloi pjes\u00ebn m\u00eb t\u00eb madhe t\u00eb vitit 2019 si &#8220;Ylli i m\u00ebngjesit&#8221;.<\/p>\n<p>Kur Venusi \u00ebsht\u00eb ndritsh\u00ebm \u00ebsht\u00eb gjithmon\u00eb i shk\u00eblqyesh\u00ebm dhe i bukur p\u00ebr tu par\u00eb, por pik\u00ebpamja e v\u00ebrtet\u00eb vjen k\u00ebt\u00eb t\u00eb diel\u00ebn mbr\u00ebmje kur duket se ai do t\u00eb kaloj\u00eb n\u00eb mbr\u00ebmje pa h\u00ebn\u00ebn e pranishme.<\/p>\n<p>K\u00ebto dy planet\u00eb do i dalloni mbr\u00ebmjen e sotme n\u00eb 24 n\u00ebntor p\u00ebrreth 45 minuta pas per\u00ebndimit t\u00eb diellit kur muzgu ka r\u00ebn\u00eb dhe qielli \u00ebsht\u00eb mjaftuesh\u00ebm i err\u00ebt p\u00ebr t\u00eb par\u00eb, Venusin dhe Jupiterin.<\/p>\n","protected":false},"excerpt":{"rendered":"<p>Dy planet\u00ebt m\u00eb t\u00eb ndritsh\u00ebm do t\u00eb shfaqen vet\u00ebm 1.4\u00ba larg n\u00eb qiell mbr\u00ebmjen e sotme. N\u00ebse keni qen\u00eb s\u00eb fundmi jasht\u00eb gjat\u00eb net\u00ebve me siguri keni dalluar nj\u00eb &#8220;yll&#8221; super t\u00eb shndritsh\u00ebm q\u00eb shk\u00eblqen n\u00eb jugper\u00ebndim. Ky n\u00eb fakt \u00ebsht\u00eb Venusi, i cili shpesh \u00ebsht\u00eb quajtur edhe &#8220;Ylli i Mbr\u00ebmjes&#8221; dhe ka qen\u00eb koh\u00ebt [&hellip;]<\/p>\n","protected":false},"author":2013,"featured_media":115495,"comment_status":"open","ping_status":"closed","sticky":false,"template":"","format":"standard","meta":{"footnotes":""},"categories":[241,235],"tags":[],"class_list":{"0":"post-115494","1":"post","2":"type-post","3":"status-publish","4":"format-standard","5":"has-post-thumbnail","7":"category-aktualitet","8":"category-vendi"},"_links":{"self":[{"href":"https:\/\/zjarr.tv\/sq\/wp-json\/wp\/v2\/posts\/115494","targetHints":{"allow":["GET"]}}],"collection":[{"href":"https:\/\/zjarr.tv\/sq\/wp-json\/wp\/v2\/posts"}],"about":[{"href":"https:\/\/zjarr.tv\/sq\/wp-json\/wp\/v2\/types\/post"}],"author":[{"embeddable":true,"href":"https:\/\/zjarr.tv\/sq\/wp-json\/wp\/v2\/users\/2013"}],"replies":[{"embeddable":true,"href":"https:\/\/zjarr.tv\/sq\/wp-json\/wp\/v2\/comments?post=115494"}],"version-history":[{"count":0,"href":"https:\/\/zjarr.tv\/sq\/wp-json\/wp\/v2\/posts\/115494\/revisions"}],"wp:featuredmedia":[{"embeddable":true,"href":"https:\/\/zjarr.tv\/sq\/wp-json\/wp\/v2\/media\/115495"}],"wp:attachment":[{"href":"https:\/\/zjarr.tv\/sq\/wp-json\/wp\/v2\/media?parent=115494"}],"wp:term":[{"taxonomy":"category","embeddable":true,"href":"https:\/\/zjarr.tv\/sq\/wp-json\/wp\/v2\/categories?post=115494"},{"taxonomy":"post_tag","embeddable":true,"href":"https:\/\/zjarr.tv\/sq\/wp-json\/wp\/v2\/tags?post=115494"}],"curies":[{"name":"wp","href":"https:\/\/api.w.org\/{rel}","templated":true}]}}