{"id":115514,"date":"2019-11-24T15:53:02","date_gmt":"2019-11-24T14:53:02","guid":{"rendered":"https:\/\/zjarr.tv\/?p=115514"},"modified":"2019-11-24T15:53:02","modified_gmt":"2019-11-24T14:53:02","slug":"rama-prezanton-neser-paketen-kunder-kck-se-do-shkaterrojme-folete-e-krimit","status":"publish","type":"post","link":"https:\/\/zjarr.tv\/sq\/rama-prezanton-neser-paketen-kunder-kck-se-do-shkaterrojme-folete-e-krimit\/","title":{"rendered":"Rama prezanton nes\u00ebr paket\u00ebn kund\u00ebr K\u00c7K-s\u00eb: Do shkat\u00ebrrojm\u00eb folet\u00eb e krimit"},"content":{"rendered":"<p>Mazhoranca do t\u00eb prezantoj\u00eb t\u00eb h\u00ebn\u00ebn( nes\u00ebr, 24 n\u00ebntor 2019) paket\u00ebn speciale t\u00eb paralajm\u00ebruar m\u00eb her\u00ebt nga kryeministri Rama kund\u00ebr K\u00c7K-s\u00eb (kap \u00e7&#8217;a t\u00eb kap\u00ebsh).<\/p>\n<p>N\u00eb rrjetet sociale, shefi i qeveris\u00eb thot\u00eb se ky mekaniz\u00ebm do shkat\u00ebrroj\u00eb themelin e foleve t\u00eb krimit.<\/p>\n<p><em><strong>Edi Rama:\u00a0<\/strong>Nes\u00ebr prezantojm\u00eb Paket\u00ebn Speciale Anti-K\u00c7K.Nj\u00eb mekaniz\u00ebm i ri me fuqi speciale kund\u00ebr krimit e korrupsionit.Fal\u00eb ndihm\u00ebs s\u00eb ekspert\u00ebve t\u00eb huaj t\u00eb klasit t\u00eb par\u00eb n\u00eb luft\u00ebn kund\u00ebr terrorizmit,mafias e krimit t\u00eb organizuar, ky mekaniz\u00ebm do shkat\u00ebrroj\u00eb themelin e foleve t\u00eb krimit.<\/em><\/p>\n<p>Rama thot\u00eb se kjo paket\u00eb \u00ebsht\u00eb hartuar me mb\u00ebshtetjen edhe t\u00eb partner\u00ebve nd\u00ebrkomb\u00ebtar\u00eb, ShBA dhe BE.<\/p>\n<p><strong><em>Edi Rama:\u00a0<\/em><\/strong><em>Sot kur partner\u00ebt strategjik\u00eb t\u00eb Shqip\u00ebris\u00eb e ambasadat e tyre jan\u00eb v\u00ebn\u00eb n\u00eb sh\u00ebnjestr\u00ebn e politik\u00ebs mjerane t\u00eb t\u00eb \u00e7mendurve nga frika e drejt\u00ebsis\u00eb,Paketa Speciale Anti-K\u00c7K do t\u00eb provoj\u00eb p\u00ebrs\u00ebri se sa t\u00eb pa\u00e7muesh\u00ebm jan\u00eb k\u00ebta partner\u00eb n\u00eb luft\u00ebn e Shqip\u00ebris\u00eb p\u00ebr progres e drejt\u00ebsi.<\/em><\/p>\n<p><em>Pa mb\u00ebshtetjen e SHBA\/BE e ndihm\u00ebn e p\u00ebrfaq\u00ebsuesve t\u00eb tyre n\u00eb Shqip\u00ebri,s\u2019do kishte nisur kurr\u00eb pastrimi i llumit t\u00eb madh t\u00eb (pa)drejt\u00ebsis\u00eb e s\u2019do ishte hapur dot kurr\u00eb perspektiva e barazis\u00eb s\u00eb v\u00ebrtet\u00eb para ligjit! Edhe Paketa Speciale Anti-K\u00c7K s\u2019do b\u00ebhej dot pa ndihm\u00ebn e tyre.<\/em><\/p>\n","protected":false},"excerpt":{"rendered":"<p>Mazhoranca do t\u00eb prezantoj\u00eb t\u00eb h\u00ebn\u00ebn( nes\u00ebr, 24 n\u00ebntor 2019) paket\u00ebn speciale t\u00eb paralajm\u00ebruar m\u00eb her\u00ebt nga kryeministri Rama kund\u00ebr K\u00c7K-s\u00eb (kap \u00e7&#8217;a t\u00eb kap\u00ebsh). N\u00eb rrjetet sociale, shefi i qeveris\u00eb thot\u00eb se ky mekaniz\u00ebm do shkat\u00ebrroj\u00eb themelin e foleve t\u00eb krimit. Edi Rama:\u00a0Nes\u00ebr prezantojm\u00eb Paket\u00ebn Speciale Anti-K\u00c7K.Nj\u00eb mekaniz\u00ebm i ri me fuqi speciale kund\u00ebr [&hellip;]<\/p>\n","protected":false},"author":2013,"featured_media":107571,"comment_status":"open","ping_status":"closed","sticky":false,"template":"","format":"standard","meta":{"footnotes":""},"categories":[241,235],"tags":[],"class_list":{"0":"post-115514","1":"post","2":"type-post","3":"status-publish","4":"format-standard","5":"has-post-thumbnail","7":"category-aktualitet","8":"category-vendi"},"_links":{"self":[{"href":"https:\/\/zjarr.tv\/sq\/wp-json\/wp\/v2\/posts\/115514","targetHints":{"allow":["GET"]}}],"collection":[{"href":"https:\/\/zjarr.tv\/sq\/wp-json\/wp\/v2\/posts"}],"about":[{"href":"https:\/\/zjarr.tv\/sq\/wp-json\/wp\/v2\/types\/post"}],"author":[{"embeddable":true,"href":"https:\/\/zjarr.tv\/sq\/wp-json\/wp\/v2\/users\/2013"}],"replies":[{"embeddable":true,"href":"https:\/\/zjarr.tv\/sq\/wp-json\/wp\/v2\/comments?post=115514"}],"version-history":[{"count":0,"href":"https:\/\/zjarr.tv\/sq\/wp-json\/wp\/v2\/posts\/115514\/revisions"}],"wp:featuredmedia":[{"embeddable":true,"href":"https:\/\/zjarr.tv\/sq\/wp-json\/wp\/v2\/media\/107571"}],"wp:attachment":[{"href":"https:\/\/zjarr.tv\/sq\/wp-json\/wp\/v2\/media?parent=115514"}],"wp:term":[{"taxonomy":"category","embeddable":true,"href":"https:\/\/zjarr.tv\/sq\/wp-json\/wp\/v2\/categories?post=115514"},{"taxonomy":"post_tag","embeddable":true,"href":"https:\/\/zjarr.tv\/sq\/wp-json\/wp\/v2\/tags?post=115514"}],"curies":[{"name":"wp","href":"https:\/\/api.w.org\/{rel}","templated":true}]}}