{"id":116888,"date":"2019-12-03T14:41:47","date_gmt":"2019-12-03T13:41:47","guid":{"rendered":"https:\/\/zjarr.tv\/?p=116888"},"modified":"2019-12-03T14:41:47","modified_gmt":"2019-12-03T13:41:47","slug":"termeti-meta-zbulon-kater-kerkesat-per-ramen","status":"publish","type":"post","link":"https:\/\/zjarr.tv\/sq\/termeti-meta-zbulon-kater-kerkesat-per-ramen\/","title":{"rendered":"T\u00ebrmeti\/ Meta zbulon kat\u00ebr k\u00ebrkesat p\u00ebr Ram\u00ebn"},"content":{"rendered":"<p>Presidenti Ilir Meta, pas takimit q\u00eb zhvilloi me pedagog\u00ebt dhe drejtuesit shkencor\u00eb, lidhur me situat\u00ebn e krijuar pas t\u00ebrmetit i ka drejtuar Ram\u00ebs 4 k\u00ebrkesa emergjente.<\/p>\n<p><em>&#8211; Fillimin e pun\u00ebs sa m\u00eb par\u00eb, p\u00ebr azhornimin dhe kompletimin e nj\u00eb Harte t\u00eb re Fizike t\u00eb Riskut p\u00ebr Shqip\u00ebrin\u00eb n\u00eb t\u00eb cil\u00ebn do t\u00eb p\u00ebrfshihen dhe sakt\u00ebsohen zonat me rrezik sizmik, si dhe t\u00eb gjitha territoret e k\u00ebrc\u00ebnuara nga erozionet, p\u00ebrmbytjet, rr\u00ebshqitjet, zjarrjet, etj<\/em><\/p>\n<p><em>&#8211; Zbatimin e detyruesh\u00ebm n\u00eb t\u00eb gjith\u00eb territorin e vendit t\u00eb sistemit t\u00eb eurokodeve n\u00eb nd\u00ebrtimet civile dhe objektet e banimit, pa asnj\u00eb p\u00ebrjashtim;<\/em><\/p>\n<p><em>&#8211; Plot\u00ebsimin e legjislacionit t\u00eb planifikimit urban me element\u00eb t\u00eb rinj sigurie, sipas procedurave bashk\u00ebkohore, n\u00eb projektimin dhe nd\u00ebrtimin e objekteve t\u00eb nd\u00ebrtimit;<\/em><\/p>\n<p><em>&#8211; N\u00eb kuad\u00ebr t\u00eb rishikimit t\u00eb Buxhetit 2020, p\u00ebr p\u00ebrballimin e pasojave tep\u00ebr t\u00eb r\u00ebnda, duhet t\u00eb planifikohet edhe mb\u00ebshtetja e domosdoshme financiare p\u00ebr institucionet p\u00ebrkat\u00ebse t\u00eb k\u00ebrkimit shkencor.<\/em><\/p>\n","protected":false},"excerpt":{"rendered":"<p>Presidenti Ilir Meta, pas takimit q\u00eb zhvilloi me pedagog\u00ebt dhe drejtuesit shkencor\u00eb, lidhur me situat\u00ebn e krijuar pas t\u00ebrmetit i ka drejtuar Ram\u00ebs 4 k\u00ebrkesa emergjente. &#8211; Fillimin e pun\u00ebs sa m\u00eb par\u00eb, p\u00ebr azhornimin dhe kompletimin e nj\u00eb Harte t\u00eb re Fizike t\u00eb Riskut p\u00ebr Shqip\u00ebrin\u00eb n\u00eb t\u00eb cil\u00ebn do t\u00eb p\u00ebrfshihen dhe sakt\u00ebsohen [&hellip;]<\/p>\n","protected":false},"author":2013,"featured_media":93849,"comment_status":"open","ping_status":"closed","sticky":false,"template":"","format":"standard","meta":{"footnotes":""},"categories":[241,235],"tags":[],"class_list":{"0":"post-116888","1":"post","2":"type-post","3":"status-publish","4":"format-standard","5":"has-post-thumbnail","7":"category-aktualitet","8":"category-vendi"},"_links":{"self":[{"href":"https:\/\/zjarr.tv\/sq\/wp-json\/wp\/v2\/posts\/116888","targetHints":{"allow":["GET"]}}],"collection":[{"href":"https:\/\/zjarr.tv\/sq\/wp-json\/wp\/v2\/posts"}],"about":[{"href":"https:\/\/zjarr.tv\/sq\/wp-json\/wp\/v2\/types\/post"}],"author":[{"embeddable":true,"href":"https:\/\/zjarr.tv\/sq\/wp-json\/wp\/v2\/users\/2013"}],"replies":[{"embeddable":true,"href":"https:\/\/zjarr.tv\/sq\/wp-json\/wp\/v2\/comments?post=116888"}],"version-history":[{"count":0,"href":"https:\/\/zjarr.tv\/sq\/wp-json\/wp\/v2\/posts\/116888\/revisions"}],"wp:featuredmedia":[{"embeddable":true,"href":"https:\/\/zjarr.tv\/sq\/wp-json\/wp\/v2\/media\/93849"}],"wp:attachment":[{"href":"https:\/\/zjarr.tv\/sq\/wp-json\/wp\/v2\/media?parent=116888"}],"wp:term":[{"taxonomy":"category","embeddable":true,"href":"https:\/\/zjarr.tv\/sq\/wp-json\/wp\/v2\/categories?post=116888"},{"taxonomy":"post_tag","embeddable":true,"href":"https:\/\/zjarr.tv\/sq\/wp-json\/wp\/v2\/tags?post=116888"}],"curies":[{"name":"wp","href":"https:\/\/api.w.org\/{rel}","templated":true}]}}