{"id":116907,"date":"2019-12-03T14:31:06","date_gmt":"2019-12-03T13:31:06","guid":{"rendered":"https:\/\/zjarr.tv\/?p=116907"},"modified":"2019-12-03T14:31:06","modified_gmt":"2019-12-03T13:31:06","slug":"mediu-mbyllja-e-portaleve-sjellje-e-regjimeve-autoritariste","status":"publish","type":"post","link":"https:\/\/zjarr.tv\/sq\/mediu-mbyllja-e-portaleve-sjellje-e-regjimeve-autoritariste\/","title":{"rendered":"Mediu: Mbyllja e portaleve, sjellje e regjimeve autoritariste"},"content":{"rendered":"<p>Kreu i Partis\u00eb Republikane Fatmir Mediu, ka reaguar n\u00eb lidhje me situat\u00ebn e rend\u00eb t\u00eb liris\u00eb s\u00eb fjal\u00ebs dhe censurimit t\u00eb medieve. Me nje t\u00eb reagim t\u00eb tij, Mediu thot\u00eb se, \u2018mbyllja e portaleve t\u00eb pavarura me vendim qeverie t\u00eb Edi Ram\u00ebs, sulmet e vazhdueshme t\u00eb q\u00ebllimshme ndaj medias jan\u00eb absurde\u2019.<\/p>\n<p>Sipas tij, k\u00ebto jan\u00eb prova qart\u00ebsisht sjellje t\u00eb regjimeve autoritariste.<\/p>\n<p><strong>Reagimi i plot\u00eb i Fatmir Mediut:<\/strong><\/p>\n<p><em>Mbyllja e portaleve t\u00eb pavarura me vendim qeverie t\u00eb Edi Ram\u00ebs, sulmet e vazhdueshme t\u00eb q\u00ebllimshme ndaj medias jan\u00eb absurde, t\u00eb pap\u00ebrgjegjshme dhe t\u00eb q\u00ebllimshme, t\u00eb cilat cenojn\u00eb r\u00ebnd\u00eb lirin\u00eb e medias dhe informimin e qytetar\u00ebve.<\/em><\/p>\n<p><em>Kjo situat\u00eb e r\u00ebnd\u00eb komb\u00ebtare ka nevoj\u00eb p\u00ebr p\u00ebrgjegj\u00ebsi qeveris\u00ebse, politike, mediatike dhe personale, n\u00eb interes t\u00eb vendit dhe qytetar\u00ebve sidomos atyre q\u00eb p\u00ebrjetuan fatkeq\u00ebsin\u00eb me humbjen e njer\u00ebzve t\u00eb dashur, apo jan\u00eb sot n\u00eb mes t\u00eb kat\u00ebr rrug\u00ebve.<\/em><\/p>\n<p><em>\u00c7do media ka t\u00eb drejt\u00ebn dhe lirin\u00eb t\u00eb pasqyroj\u00eb faktet pa ngurruar se i p\u00eblqejn\u00eb apo jo kryeministrit.<\/em><\/p>\n<p><em>Mbyllja e portaleve \u00ebsht\u00eb qart\u00ebsisht sjellje e regjimeve autoritariste.<\/em><\/p>\n","protected":false},"excerpt":{"rendered":"<p>Kreu i Partis\u00eb Republikane Fatmir Mediu, ka reaguar n\u00eb lidhje me situat\u00ebn e rend\u00eb t\u00eb liris\u00eb s\u00eb fjal\u00ebs dhe censurimit t\u00eb medieve. Me nje t\u00eb reagim t\u00eb tij, Mediu thot\u00eb se, \u2018mbyllja e portaleve t\u00eb pavarura me vendim qeverie t\u00eb Edi Ram\u00ebs, sulmet e vazhdueshme t\u00eb q\u00ebllimshme ndaj medias jan\u00eb absurde\u2019. Sipas tij, k\u00ebto jan\u00eb [&hellip;]<\/p>\n","protected":false},"author":2013,"featured_media":112095,"comment_status":"open","ping_status":"closed","sticky":false,"template":"","format":"standard","meta":{"footnotes":""},"categories":[241,235],"tags":[],"class_list":{"0":"post-116907","1":"post","2":"type-post","3":"status-publish","4":"format-standard","5":"has-post-thumbnail","7":"category-aktualitet","8":"category-vendi"},"_links":{"self":[{"href":"https:\/\/zjarr.tv\/sq\/wp-json\/wp\/v2\/posts\/116907","targetHints":{"allow":["GET"]}}],"collection":[{"href":"https:\/\/zjarr.tv\/sq\/wp-json\/wp\/v2\/posts"}],"about":[{"href":"https:\/\/zjarr.tv\/sq\/wp-json\/wp\/v2\/types\/post"}],"author":[{"embeddable":true,"href":"https:\/\/zjarr.tv\/sq\/wp-json\/wp\/v2\/users\/2013"}],"replies":[{"embeddable":true,"href":"https:\/\/zjarr.tv\/sq\/wp-json\/wp\/v2\/comments?post=116907"}],"version-history":[{"count":0,"href":"https:\/\/zjarr.tv\/sq\/wp-json\/wp\/v2\/posts\/116907\/revisions"}],"wp:featuredmedia":[{"embeddable":true,"href":"https:\/\/zjarr.tv\/sq\/wp-json\/wp\/v2\/media\/112095"}],"wp:attachment":[{"href":"https:\/\/zjarr.tv\/sq\/wp-json\/wp\/v2\/media?parent=116907"}],"wp:term":[{"taxonomy":"category","embeddable":true,"href":"https:\/\/zjarr.tv\/sq\/wp-json\/wp\/v2\/categories?post=116907"},{"taxonomy":"post_tag","embeddable":true,"href":"https:\/\/zjarr.tv\/sq\/wp-json\/wp\/v2\/tags?post=116907"}],"curies":[{"name":"wp","href":"https:\/\/api.w.org\/{rel}","templated":true}]}}