{"id":118534,"date":"2019-12-15T14:52:00","date_gmt":"2019-12-15T13:52:00","guid":{"rendered":"https:\/\/zjarr.tv\/?p=118534"},"modified":"2019-12-15T14:52:17","modified_gmt":"2019-12-15T13:52:17","slug":"kapet-24-vjecari-ne-babrru","status":"publish","type":"post","link":"https:\/\/zjarr.tv\/sq\/kapet-24-vjecari-ne-babrru\/","title":{"rendered":"Kapet 24 vje\u00e7ari n\u00eb Babrru"},"content":{"rendered":"<p>Nj\u00eb 24-vje\u00e7ar \u00ebsht\u00eb n\u00eb pranga pas nj\u00eb viti arratie. I riu me iniciale R. M., banues n\u00eb Babrru ishte shpallur n\u00eb k\u00ebrkim p\u00ebr plagosje t\u00eb r\u00ebnd\u00eb me dashje. S\u00eb bashku me nj\u00eb grup tjet\u00ebr personash, m\u00eb 17 shtator t\u00eb vitit t\u00eb kaluar ai goditi me mjete t\u00eb forta nj\u00eb shtetas duke i shkaktuar d\u00ebmtime t\u00eb r\u00ebnda n\u00eb trup.<\/p>\n<p>\u201cKapja dhe ndalimi i R. M., 24 vje\u00e7, banues n\u00eb Babrru Tiran\u00eb, u b\u00eb pasi Gjykata e Rrethit Gjyq\u00ebsor Tiran\u00eb, ka vendosur mas\u00ebn e siguris\u00eb \u2018Arrest n\u00eb burg\u2019 p\u00ebr vepr\u00ebn penale \u2018Plagosje e r\u00ebnd\u00eb me dashje\u2019,\u201d- informoi policia.<\/p>\n<div id=\"rekl-13\">\n<div id=\"__sap-ad-15\" class=\"__sap-ads __sap-html tracked\" data-title=\"Credins desktop 08\">\n<div id=\"beacon_68d0453f0b\"><img loading=\"lazy\" decoding=\"async\" src=\"https:\/\/ads1.medium.al\/www\/delivery\/lg.php?bannerid=401&amp;campaignid=56&amp;zoneid=232&amp;loc=https%3A%2F%2Fwww.syri.net%2Fkronike%2F301668%2Fkapet-24-vjecari-ne-babrru-nje-vit-me-pare-plagosi-nje-person%2F&amp;referer=https%3A%2F%2Fwww.syri.net%2Flajme%2F&amp;cb=68d0453f0b\" alt=\"\" width=\"0\" height=\"0\" \/><strong>Ja njoftimi i plot\u00eb i policis\u00eb:<\/strong><\/div>\n<\/div>\n<\/div>\n<p>Kam\u00ebz.<\/p>\n<p>Nj\u00eb tjet\u00ebr person n\u00eb k\u00ebrkim bie n\u00eb prangat e policis\u00eb.<\/p>\n<p>Kapet dhe ndalohet nj\u00eb person i shpallur n\u00eb k\u00ebrkim p\u00ebr plagosje t\u00eb r\u00ebnd\u00eb me dashje, autor i ngjarjes s\u00eb ndodhur m\u00eb dat\u00eb 17.09.2018.<\/p>\n<p>Specialist\u00ebt p\u00ebr Hetimin e Krimit n\u00eb Komisariatin e Policis\u00eb nr 5, Kam\u00ebz, n\u00eb baz\u00eb t\u00eb informacioneve t\u00eb marra n\u00eb rrug\u00eb operative dhe pas nj\u00eb pune t\u00eb mir\u00eborganizuar, b\u00ebn\u00eb kapjen dhe ndalimin e shtetasit n\u00eb k\u00ebrkim:<\/p>\n<p>R. M., 24 vje\u00e7, banues n\u00eb Babrru Tiran\u00eb;<\/p>\n<p>Kapja dhe ndalimi i tij u b\u00eb pasi Gjykata e Rrethit Gjyq\u00ebsor Tiran\u00eb, ka vendosur mas\u00ebn e siguris\u00eb &#8220;Arrest n\u00eb burg&#8221; p\u00ebr vepr\u00ebn penale &#8220;Plagosje e r\u00ebnd\u00eb me dashje&#8221;.<\/p>\n<p>Ky shtetas m\u00eb dat\u00eb 17.09.2018, n\u00eb qend\u00ebr Babrru n\u00eb bashk\u00ebpunim me disa shtetas t\u00eb tjer\u00eb t\u00eb arrestuar m\u00eb par\u00eb, ka goditur me mjete t\u00eb forta nj\u00eb shtetas duke i shkaktuar d\u00ebmtime t\u00eb r\u00ebnda n\u00eb trup.<\/p>\n<p>Materialet iu referuan Prokuroris\u00eb s\u00eb Rrethit Gjyq\u00ebsor Tiran\u00eb p\u00ebr veprime t\u00eb m\u00ebtejshme.<\/p>\n","protected":false},"excerpt":{"rendered":"<p>Nj\u00eb 24-vje\u00e7ar \u00ebsht\u00eb n\u00eb pranga pas nj\u00eb viti arratie. I riu me iniciale R. M., banues n\u00eb Babrru ishte shpallur n\u00eb k\u00ebrkim p\u00ebr plagosje t\u00eb r\u00ebnd\u00eb me dashje. S\u00eb bashku me nj\u00eb grup tjet\u00ebr personash, m\u00eb 17 shtator t\u00eb vitit t\u00eb kaluar ai goditi me mjete t\u00eb forta nj\u00eb shtetas duke i shkaktuar d\u00ebmtime t\u00eb [&hellip;]<\/p>\n","protected":false},"author":2013,"featured_media":50549,"comment_status":"open","ping_status":"closed","sticky":false,"template":"","format":"standard","meta":{"footnotes":""},"categories":[241,235],"tags":[],"class_list":{"0":"post-118534","1":"post","2":"type-post","3":"status-publish","4":"format-standard","5":"has-post-thumbnail","7":"category-aktualitet","8":"category-vendi"},"_links":{"self":[{"href":"https:\/\/zjarr.tv\/sq\/wp-json\/wp\/v2\/posts\/118534","targetHints":{"allow":["GET"]}}],"collection":[{"href":"https:\/\/zjarr.tv\/sq\/wp-json\/wp\/v2\/posts"}],"about":[{"href":"https:\/\/zjarr.tv\/sq\/wp-json\/wp\/v2\/types\/post"}],"author":[{"embeddable":true,"href":"https:\/\/zjarr.tv\/sq\/wp-json\/wp\/v2\/users\/2013"}],"replies":[{"embeddable":true,"href":"https:\/\/zjarr.tv\/sq\/wp-json\/wp\/v2\/comments?post=118534"}],"version-history":[{"count":0,"href":"https:\/\/zjarr.tv\/sq\/wp-json\/wp\/v2\/posts\/118534\/revisions"}],"wp:featuredmedia":[{"embeddable":true,"href":"https:\/\/zjarr.tv\/sq\/wp-json\/wp\/v2\/media\/50549"}],"wp:attachment":[{"href":"https:\/\/zjarr.tv\/sq\/wp-json\/wp\/v2\/media?parent=118534"}],"wp:term":[{"taxonomy":"category","embeddable":true,"href":"https:\/\/zjarr.tv\/sq\/wp-json\/wp\/v2\/categories?post=118534"},{"taxonomy":"post_tag","embeddable":true,"href":"https:\/\/zjarr.tv\/sq\/wp-json\/wp\/v2\/tags?post=118534"}],"curies":[{"name":"wp","href":"https:\/\/api.w.org\/{rel}","templated":true}]}}