{"id":118537,"date":"2019-12-15T14:54:05","date_gmt":"2019-12-15T13:54:05","guid":{"rendered":"https:\/\/zjarr.tv\/?p=118537"},"modified":"2019-12-15T14:54:05","modified_gmt":"2019-12-15T13:54:05","slug":"balla-mirenjohje-emirateve-te-bashkuara-arabe-per-ndihmen-e-ndaj-shqiperise","status":"publish","type":"post","link":"https:\/\/zjarr.tv\/sq\/balla-mirenjohje-emirateve-te-bashkuara-arabe-per-ndihmen-e-ndaj-shqiperise\/","title":{"rendered":"Balla: Mir\u00ebnjohje Emirateve t\u00eb Bashkuara Arabe p\u00ebr ndihm\u00ebn e ndaj Shqip\u00ebris\u00eb"},"content":{"rendered":"<p>Kryetari i Grupit Parlamentar t\u00eb Partis\u00eb Socialiste, Taulant Balla ka fal\u00ebnderuar Emiratet e Bashkuara Arabe dhe Princin e Kuror\u00ebs s\u00eb Abu Dhabi, Mohamed Bin Zayed p\u00ebr ndihm\u00ebn e par\u00eb t\u00eb menj\u00ebhershme humanitare q\u00eb i dhan\u00eb Shqip\u00ebris\u00eb pas t\u00ebrmetit t\u00eb m\u00ebngjesit t\u00eb 26 n\u00ebntorit q\u00eb goditi vendin.<\/p>\n<p>P\u00ebrmes nj\u00eb postimi n\u00eb \u201cTwitter\u201d numri dy i PS, Balla deklaron se Shqip\u00ebria i \u00ebsht\u00eb mir\u00ebnjoh\u00ebse Emirateve t\u00eb Bashkuara Arabe p\u00ebr solidaritetin e treguar, duke dhuruar 13 milion AED p\u00ebr p\u00ebrballimin e emergjenc\u00ebs s\u00eb krijuar nga l\u00ebkundjet e forta t\u00eb t\u00ebrmetit.<\/p>\n<p>\u201cShqip\u00ebria i \u00ebsht\u00eb mir\u00ebnjoh\u00ebse shk\u00eblqesis\u00eb s\u00eb tij, Princit t\u00eb Kuror\u00ebs s\u00eb Abu Dhabi, Mohamed Bin Zayed dhe Zv.Komandantit Suprem t\u00eb Forcave t\u00eb Armatosura t\u00eb Emirateve t\u00eb Bashkuara Arabe p\u00ebr ndihm\u00ebn e par\u00eb t\u00eb menj\u00ebhershme humanitare prej 13 milion\u00eb AED q\u00eb i dhan\u00eb Shqip\u00ebris\u00eb pas t\u00ebrmetit t\u00eb 26 n\u00ebntorit. Faleminderit Emiratet e Bashkuara Arabe p\u00ebr solidaritetin\u201d, shkruan Balla.<\/p>\n","protected":false},"excerpt":{"rendered":"<p>Kryetari i Grupit Parlamentar t\u00eb Partis\u00eb Socialiste, Taulant Balla ka fal\u00ebnderuar Emiratet e Bashkuara Arabe dhe Princin e Kuror\u00ebs s\u00eb Abu Dhabi, Mohamed Bin Zayed p\u00ebr ndihm\u00ebn e par\u00eb t\u00eb menj\u00ebhershme humanitare q\u00eb i dhan\u00eb Shqip\u00ebris\u00eb pas t\u00ebrmetit t\u00eb m\u00ebngjesit t\u00eb 26 n\u00ebntorit q\u00eb goditi vendin. P\u00ebrmes nj\u00eb postimi n\u00eb \u201cTwitter\u201d numri dy i PS, [&hellip;]<\/p>\n","protected":false},"author":2013,"featured_media":64331,"comment_status":"open","ping_status":"closed","sticky":false,"template":"","format":"standard","meta":{"footnotes":""},"categories":[241,235],"tags":[],"class_list":{"0":"post-118537","1":"post","2":"type-post","3":"status-publish","4":"format-standard","5":"has-post-thumbnail","7":"category-aktualitet","8":"category-vendi"},"_links":{"self":[{"href":"https:\/\/zjarr.tv\/sq\/wp-json\/wp\/v2\/posts\/118537","targetHints":{"allow":["GET"]}}],"collection":[{"href":"https:\/\/zjarr.tv\/sq\/wp-json\/wp\/v2\/posts"}],"about":[{"href":"https:\/\/zjarr.tv\/sq\/wp-json\/wp\/v2\/types\/post"}],"author":[{"embeddable":true,"href":"https:\/\/zjarr.tv\/sq\/wp-json\/wp\/v2\/users\/2013"}],"replies":[{"embeddable":true,"href":"https:\/\/zjarr.tv\/sq\/wp-json\/wp\/v2\/comments?post=118537"}],"version-history":[{"count":0,"href":"https:\/\/zjarr.tv\/sq\/wp-json\/wp\/v2\/posts\/118537\/revisions"}],"wp:featuredmedia":[{"embeddable":true,"href":"https:\/\/zjarr.tv\/sq\/wp-json\/wp\/v2\/media\/64331"}],"wp:attachment":[{"href":"https:\/\/zjarr.tv\/sq\/wp-json\/wp\/v2\/media?parent=118537"}],"wp:term":[{"taxonomy":"category","embeddable":true,"href":"https:\/\/zjarr.tv\/sq\/wp-json\/wp\/v2\/categories?post=118537"},{"taxonomy":"post_tag","embeddable":true,"href":"https:\/\/zjarr.tv\/sq\/wp-json\/wp\/v2\/tags?post=118537"}],"curies":[{"name":"wp","href":"https:\/\/api.w.org\/{rel}","templated":true}]}}