{"id":118542,"date":"2019-12-15T15:27:38","date_gmt":"2019-12-15T14:27:38","guid":{"rendered":"https:\/\/zjarr.tv\/?p=118542"},"modified":"2019-12-15T15:28:11","modified_gmt":"2019-12-15T14:28:11","slug":"rba-kokalari-se-harron-origjinen-shpresoj-qe-shqiperia-do-ti-bashkohet-komunitetit-europian","status":"publish","type":"post","link":"https:\/\/zjarr.tv\/sq\/rba-kokalari-se-harron-origjinen-shpresoj-qe-shqiperia-do-ti-bashkohet-komunitetit-europian\/","title":{"rendered":"Arba Kokalari s\u2019e harron origjin\u00ebn: Shpresoj q\u00eb Shqip\u00ebria do t\u2019i bashkohet komunitetit europian"},"content":{"rendered":"<p>Deputetja shqiptare n\u00eb Parlamentin Evropian, Arba Kokalari, nj\u00ebher\u00ebsh politikane n\u00eb Suedi, ka folur p\u00ebr marr\u00ebdh\u00ebniet mes t\u00eb dyja shteteve. N\u00eb ligj\u00ebrimet e saj publike, por edhe n\u00eb rrjetet e saj sociale, mbesa e shqiptares Musine Kokalari, Arba Kokalari, ka luajtur rolin e avokates s\u00eb Shqip\u00ebris\u00eb p\u00ebr sfidat drejt rrug\u00ebs evropiane.<\/p>\n<p>\u201cUn\u00eb kam lindur n\u00eb Shqip\u00ebri dhe kam shum\u00eb prej historis\u00eb time atje, nd\u00ebrsa n\u00eb Suedi u rrita dhe kam jet\u00ebn time. Ndryshimet midis Shqip\u00ebris\u00eb dhe Suedis\u00eb i kam par\u00eb gjithmon\u00eb si pasuri dhe vlera. Shpresoj dhe besoj se Shqip\u00ebria do t\u2019i bashkohet komunitetit europian nj\u00eb dit\u00eb. Se marr\u00ebdh\u00ebnia midis Suedis\u00eb dhe Shqip\u00ebris\u00eb, n\u00eb kuad\u00ebr t\u00eb tregtis\u00eb dhe aspekteve t\u00eb tjera, duhet t\u00eb vijoj\u00eb t\u00eb rritet, sepse do t\u00eb ishte nj\u00eb gj\u00eb shum\u00eb e mir\u00eb p\u00ebr t\u00eb ardhmen e t\u00eb dy vendeve.\u201d-tha ajo.<\/p>\n","protected":false},"excerpt":{"rendered":"<p>Deputetja shqiptare n\u00eb Parlamentin Evropian, Arba Kokalari, nj\u00ebher\u00ebsh politikane n\u00eb Suedi, ka folur p\u00ebr marr\u00ebdh\u00ebniet mes t\u00eb dyja shteteve. N\u00eb ligj\u00ebrimet e saj publike, por edhe n\u00eb rrjetet e saj sociale, mbesa e shqiptares Musine Kokalari, Arba Kokalari, ka luajtur rolin e avokates s\u00eb Shqip\u00ebris\u00eb p\u00ebr sfidat drejt rrug\u00ebs evropiane. \u201cUn\u00eb kam lindur n\u00eb Shqip\u00ebri [&hellip;]<\/p>\n","protected":false},"author":2013,"featured_media":111488,"comment_status":"open","ping_status":"closed","sticky":false,"template":"","format":"standard","meta":{"footnotes":""},"categories":[241,235],"tags":[],"class_list":{"0":"post-118542","1":"post","2":"type-post","3":"status-publish","4":"format-standard","5":"has-post-thumbnail","7":"category-aktualitet","8":"category-vendi"},"_links":{"self":[{"href":"https:\/\/zjarr.tv\/sq\/wp-json\/wp\/v2\/posts\/118542","targetHints":{"allow":["GET"]}}],"collection":[{"href":"https:\/\/zjarr.tv\/sq\/wp-json\/wp\/v2\/posts"}],"about":[{"href":"https:\/\/zjarr.tv\/sq\/wp-json\/wp\/v2\/types\/post"}],"author":[{"embeddable":true,"href":"https:\/\/zjarr.tv\/sq\/wp-json\/wp\/v2\/users\/2013"}],"replies":[{"embeddable":true,"href":"https:\/\/zjarr.tv\/sq\/wp-json\/wp\/v2\/comments?post=118542"}],"version-history":[{"count":0,"href":"https:\/\/zjarr.tv\/sq\/wp-json\/wp\/v2\/posts\/118542\/revisions"}],"wp:featuredmedia":[{"embeddable":true,"href":"https:\/\/zjarr.tv\/sq\/wp-json\/wp\/v2\/media\/111488"}],"wp:attachment":[{"href":"https:\/\/zjarr.tv\/sq\/wp-json\/wp\/v2\/media?parent=118542"}],"wp:term":[{"taxonomy":"category","embeddable":true,"href":"https:\/\/zjarr.tv\/sq\/wp-json\/wp\/v2\/categories?post=118542"},{"taxonomy":"post_tag","embeddable":true,"href":"https:\/\/zjarr.tv\/sq\/wp-json\/wp\/v2\/tags?post=118542"}],"curies":[{"name":"wp","href":"https:\/\/api.w.org\/{rel}","templated":true}]}}