{"id":118548,"date":"2019-12-15T19:00:56","date_gmt":"2019-12-15T18:00:56","guid":{"rendered":"https:\/\/zjarr.tv\/?p=118548"},"modified":"2019-12-15T16:59:23","modified_gmt":"2019-12-15T15:59:23","slug":"nje-lutje-per-shqiperine-nga-roma","status":"publish","type":"post","link":"https:\/\/zjarr.tv\/sq\/nje-lutje-per-shqiperine-nga-roma\/","title":{"rendered":"Nj\u00eb lutje p\u00ebr Shqip\u00ebrin\u00eb nga Roma"},"content":{"rendered":"<p>Nj\u00eb lutje p\u00ebr Shqip\u00ebrin\u00eb p\u00ebrmes muzik\u00ebs s\u00eb Bach, Chopen, Willimas, Listz, e t\u00eb talentit t\u00eb artist\u00ebve shqiptar\u00eb e italian\u00eb mb\u00ebrrin nga Rom\u00eb p\u00ebr \u00a0t&#8217;ju gjendur pran\u00eb banor\u00ebve t\u00eb zonave t\u00eb rr\u00ebnuara nga t\u00ebrmeti i 26 n\u00ebntorit.<\/p>\n<p>Nj\u00eb lutje p\u00ebrmes artit p\u00ebr rinisjen sa m\u00eb shpejt t\u00eb jet\u00ebs aty ku fatkeq\u00ebsia natyrore shkaktoi 51 viktima.<\/p>\n<p>N\u00eb zem\u00ebr t\u00eb kryeqytetit italian, mes bukuris\u00eb s\u00eb monumenteve historike t\u00eb Rom\u00ebs antike, n\u00eb sken\u00ebn e Teatrit Quirino ku dikur performonin Vittorio Gasman, Anna Magnani, Edoardo De Filippo, George Strehler e shum\u00eb t\u00eb tjer\u00eb u mbajt spektakli i titullar \u00a0&#8220;Thesar\u00ebt e zemr\u00ebs&#8221; ideuar nga violistja e njohur shqiptare me fam\u00eb bot\u00ebrore Anila Kraja e cila artin e saj e ka kthyer dhe n\u00eb nj\u00eb mision social duke u zgjedhur dhe si Ambasadore n\u00eb mb\u00ebshtetje t\u00eb fushatave t\u00eb FAO .<\/p>\n<p>&#8220;Thesaret e zemr\u00ebs&#8221; p\u00ebrcjellin mesazhin e nj\u00eb k\u00ebrkimi personal e shpirt\u00ebror t\u00eb kornizave t\u00eb \u00e7do qenie njer\u00ebzore me besimin e mrekullis\u00eb q\u00eb zemra e \u00e7dokujt mund t\u00eb kryej. P\u00ebrmes artit zemra t\u00eb orienton t\u00eb zbulosh, t\u00eb duash e t\u00eb m\u00ebsosh t\u00eb bashk\u00ebjetosh me diversitetin e historis\u00eb s\u00eb jet\u00ebs s\u00eb \u00e7do personi.<\/p>\n<p>Nj\u00eb violin\u00eb n\u00eb interpretimin e mrekulluesh\u00ebm t\u00eb Anila Kraja, nj\u00eb piano e mjeshtrit Fausto Di Cesare, \u00a0nj\u00eb aktor me performimin unik t\u00eb Livio Beshir e shtat\u00eb balerin\u00eb t\u00eb kompanis\u00eb Astra Roma Ballet \u00a0realizuan nj\u00eb spektak\u00ebl magjik n\u00ebn skenarin e artisti shu\u00ebmdimesional shqiptar Alen Xhafa e regjisores italiane Angela Cerruti.<\/p>\n<p>Spektakli u mb\u00ebshtet nga Ambasada e Shqip\u00ebris\u00eb n\u00eb Rom\u00eb zonja Anila Bitri e cila n\u00eb fjal\u00ebn p\u00ebrsh\u00ebndet\u00ebse u shpreh e prekur nga zem\u00ebrgjer\u00ebsia e popullit italian. &#8220;Nj\u00eb lutje p\u00ebr rind\u00ebrtimin e zonave t\u00eb d\u00ebmtuara nga t\u00ebrmeti q\u00eb goditi Shqip\u00ebri, tha ajo e ky spektak\u00ebl \u00ebsht\u00eb d\u00ebshmia e af\u00ebrsis\u00eb, solidaritetit e v\u00ebllaz\u00ebris\u00eb q\u00eb kemi marr\u00eb nga kjo tok\u00eb, nga Italia.&#8221; (file qe mbaron me numrin 0022) .<\/p>\n<p>P\u00ebr ideuesen e &#8220;Thesaret e zemr\u00ebs&#8221;, violinisten Anila Kraja, ky spektak\u00ebl \u00ebsht\u00eb nj\u00eb fluks vibrimesh me pjes\u00ebmarrjen e jasht\u00ebzakonshme t\u00eb artist\u00ebve me em\u00ebr, e nj\u00eb mund\u00ebsi m\u00eb shum\u00eb p\u00ebr t&#8217;i dh\u00ebn\u00eb hap\u00ebsir\u00eb artist\u00ebve t\u00eb rinj.<\/p>\n<p>Pjes\u00ebmarrje e jasht\u00ebzakonsh\u00ebm n\u00eb k\u00ebt\u00eb spektak\u00ebl e cila realizoi dhe koreografin\u00eb e tij ishte Diana Ferrara, partnerja n\u00eb art e balerinit Rudolf Nurejev.<\/p>\n<p>&#8220;Thesaret e zemr\u00ebs&#8221;, solidariteti, dashuria, zem\u00ebrgjer\u00ebsia, mir\u00ebnjohja, respekti zgjodh\u00ebn artin p\u00ebr t\u00eb kap\u00ebrcyer kufijt\u00eb m\u00eb lutje besimi e shprese p\u00ebr shqiptar\u00ebt n\u00eb nevoj\u00eb.<\/p>\n","protected":false},"excerpt":{"rendered":"<p>Nj\u00eb lutje p\u00ebr Shqip\u00ebrin\u00eb p\u00ebrmes muzik\u00ebs s\u00eb Bach, Chopen, Willimas, Listz, e t\u00eb talentit t\u00eb artist\u00ebve shqiptar\u00eb e italian\u00eb mb\u00ebrrin nga Rom\u00eb p\u00ebr \u00a0t&#8217;ju gjendur pran\u00eb banor\u00ebve t\u00eb zonave t\u00eb rr\u00ebnuara nga t\u00ebrmeti i 26 n\u00ebntorit. Nj\u00eb lutje p\u00ebrmes artit p\u00ebr rinisjen sa m\u00eb shpejt t\u00eb jet\u00ebs aty ku fatkeq\u00ebsia natyrore shkaktoi 51 viktima. N\u00eb [&hellip;]<\/p>\n","protected":false},"author":2013,"featured_media":118559,"comment_status":"open","ping_status":"closed","sticky":false,"template":"","format":"standard","meta":{"footnotes":""},"categories":[241,235],"tags":[],"class_list":{"0":"post-118548","1":"post","2":"type-post","3":"status-publish","4":"format-standard","5":"has-post-thumbnail","7":"category-aktualitet","8":"category-vendi"},"_links":{"self":[{"href":"https:\/\/zjarr.tv\/sq\/wp-json\/wp\/v2\/posts\/118548","targetHints":{"allow":["GET"]}}],"collection":[{"href":"https:\/\/zjarr.tv\/sq\/wp-json\/wp\/v2\/posts"}],"about":[{"href":"https:\/\/zjarr.tv\/sq\/wp-json\/wp\/v2\/types\/post"}],"author":[{"embeddable":true,"href":"https:\/\/zjarr.tv\/sq\/wp-json\/wp\/v2\/users\/2013"}],"replies":[{"embeddable":true,"href":"https:\/\/zjarr.tv\/sq\/wp-json\/wp\/v2\/comments?post=118548"}],"version-history":[{"count":0,"href":"https:\/\/zjarr.tv\/sq\/wp-json\/wp\/v2\/posts\/118548\/revisions"}],"wp:featuredmedia":[{"embeddable":true,"href":"https:\/\/zjarr.tv\/sq\/wp-json\/wp\/v2\/media\/118559"}],"wp:attachment":[{"href":"https:\/\/zjarr.tv\/sq\/wp-json\/wp\/v2\/media?parent=118548"}],"wp:term":[{"taxonomy":"category","embeddable":true,"href":"https:\/\/zjarr.tv\/sq\/wp-json\/wp\/v2\/categories?post=118548"},{"taxonomy":"post_tag","embeddable":true,"href":"https:\/\/zjarr.tv\/sq\/wp-json\/wp\/v2\/tags?post=118548"}],"curies":[{"name":"wp","href":"https:\/\/api.w.org\/{rel}","templated":true}]}}