{"id":118551,"date":"2019-12-15T16:10:55","date_gmt":"2019-12-15T15:10:55","guid":{"rendered":"https:\/\/zjarr.tv\/?p=118551"},"modified":"2019-12-15T16:10:55","modified_gmt":"2019-12-15T15:10:55","slug":"policia-e-informacionittrokiti-para-7-muajsh-ne-deren-time-nga-ylli-dylgjeri","status":"publish","type":"post","link":"https:\/\/zjarr.tv\/sq\/policia-e-informacionittrokiti-para-7-muajsh-ne-deren-time-nga-ylli-dylgjeri\/","title":{"rendered":"Policia e informacionit\u2026\u2026trokiti para 7 muajsh n\u00eb der\u00ebn time! (Nga Ylli Dylgjeri)"},"content":{"rendered":"<p>Nga Ylli Dylgjeri<\/p>\n<p>Policia e informacionit&#8230;<\/p>\n<p>&#8230;trokiti para 7 muajsh n\u00eb der\u00ebn time.<br \/>\nTrokiti p\u00ebr nj\u00eb humor, trokiti p\u00ebr vjersh\u00eb, trokiti p\u00ebr nj\u00eb strof\u00eb, trokiti p\u00ebr fjal\u00ebn&#8230; kak\u00eb! Kaq duhej q\u00eb garda e militant\u00ebve t\u00eb ardhur nga provincat n\u00eb zyrat e Administrat\u00ebs Shtetrore t\u00eb m\u00eb sulmonin mua.<br \/>\nE realizuan q\u00ebllimin, m\u00eb larguan nga puna p\u00ebr nj\u00eb vjersh\u00eb n\u00eb Facebook! Haaaaaaaa. Mediok\u00ebr.<span class=\"text_exposed_show\"><br \/>\n&#8220;Do t\u00eb mbahet m\u00ebnd si D\u00ebshmori i par\u00eb i Facebook- ut Ylli&#8221; &#8211; u shpreh Andi Bejtja aso kohe. Por nuk u la me kaq. Regjimi me qillota u eg\u00ebrsua. U shtr\u00ebngua dhe plasi n\u00ebn qillota. Thuhet se edhe urinon nga frika n\u00ebn to. Por m\u00eb tej, rradh\u00ebt e &#8220;d\u00ebshmor\u00ebve&#8221; t\u00eb fjal\u00ebs s\u00eb lir\u00eb<br \/>\nu shtuan. Vazhdoi \u00e7ensura. Policia e informacionit u hodh n\u00eb veprim&#8230;Dikur n\u00eb opozit\u00eb, pas \u00e7do dalje t\u00eb Liderit t\u00eb PS n\u00eb ekran d\u00ebgjonim ti p\u00ebrsh\u00ebndeste gazetar\u00ebt e TV Klanit: T\u00eb fala Sandrit!<br \/>\nSot pas mbylljeve t\u00eb Portaleve, mbylljeve t\u00eb emisioneve, largimit te gazetar\u00ebve, arrestimit<br \/>\nt\u00eb shkruesve n\u00eb Facebook, mbylljes s\u00eb goj\u00ebs, presim nga Lideri i Opozit\u00ebs ti thot\u00eb s\u00ebrisht gazetar\u00ebve t\u00eb ERTV-s\u00eb: T\u00eb fala Sandrit! Por tashm\u00eb Sand\u00ebr Lleshit.<br \/>\nAkuzat jan\u00eb nga m\u00eb qesharaket: P\u00ebrhapje paniku!<br \/>\nQen e lehaqen\u00ebs, kazan &#8230;etj. vin\u00eb v\u00ebrdall\u00eb.<br \/>\nJu thash\u00eb aso kohe koleg\u00ebve: Kujdes, po troket edhe p\u00ebr Ju! Por, disa gazetar\u00eb &#8220;profesionist\u00eb&#8221;<br \/>\ne leftist\u00eb, m\u00eb ironizuan duke m\u00eb th\u00ebn\u00eb: nuk iket nga puna p\u00ebr nj\u00eb kak\u00eb! Dakort. B\u00ebni kak\u00ebn tani! Rreshtohuni n\u00eb grev\u00eb , ose ta g\u00ebzoni ligjin e \u00e7ensur\u00ebs! Regjimi me qillota \u00ebsht\u00eb hedhur n\u00eb aksion:<br \/>\nT\u00eb z\u00eb p\u00ebr fyti edhe me tespie.T\u00eb mbyt.T\u00eb than p\u00ebrshtym\u00ebn. T\u00eb nxin ekranin e t\u00eb \u00e7on deri&#8230;n\u00eb Kosov\u00eb t\u00eb thuash t\u00eb v\u00ebrtetat e shtetit Am\u00eb.<br \/>\nUrime Adi Krasta! E v\u00ebrteta duhet t\u00eb thuhet,<br \/>\nnuk ka r\u00ebnd\u00ebsi nga thuhet. Thuaje Adi.<br \/>\nSot, po t\u00eb d\u00ebgjojm\u00eb t\u00eb gjith\u00eb si komb.<br \/>\nMbylleni edhe TV-n\u00eb e Kosov\u00ebs&#8230;qesharak\u00eb.<\/p>\n<p><\/span><\/p>\n","protected":false},"excerpt":{"rendered":"<p>Nga Ylli Dylgjeri Policia e informacionit&#8230; &#8230;trokiti para 7 muajsh n\u00eb der\u00ebn time. Trokiti p\u00ebr nj\u00eb humor, trokiti p\u00ebr vjersh\u00eb, trokiti p\u00ebr nj\u00eb strof\u00eb, trokiti p\u00ebr fjal\u00ebn&#8230; kak\u00eb! Kaq duhej q\u00eb garda e militant\u00ebve t\u00eb ardhur nga provincat n\u00eb zyrat e Administrat\u00ebs Shtetrore t\u00eb m\u00eb sulmonin mua. E realizuan q\u00ebllimin, m\u00eb larguan nga puna p\u00ebr [&hellip;]<\/p>\n","protected":false},"author":2013,"featured_media":118552,"comment_status":"open","ping_status":"closed","sticky":false,"template":"","format":"standard","meta":{"footnotes":""},"categories":[241,235],"tags":[],"class_list":{"0":"post-118551","1":"post","2":"type-post","3":"status-publish","4":"format-standard","5":"has-post-thumbnail","7":"category-aktualitet","8":"category-vendi"},"_links":{"self":[{"href":"https:\/\/zjarr.tv\/sq\/wp-json\/wp\/v2\/posts\/118551","targetHints":{"allow":["GET"]}}],"collection":[{"href":"https:\/\/zjarr.tv\/sq\/wp-json\/wp\/v2\/posts"}],"about":[{"href":"https:\/\/zjarr.tv\/sq\/wp-json\/wp\/v2\/types\/post"}],"author":[{"embeddable":true,"href":"https:\/\/zjarr.tv\/sq\/wp-json\/wp\/v2\/users\/2013"}],"replies":[{"embeddable":true,"href":"https:\/\/zjarr.tv\/sq\/wp-json\/wp\/v2\/comments?post=118551"}],"version-history":[{"count":0,"href":"https:\/\/zjarr.tv\/sq\/wp-json\/wp\/v2\/posts\/118551\/revisions"}],"wp:featuredmedia":[{"embeddable":true,"href":"https:\/\/zjarr.tv\/sq\/wp-json\/wp\/v2\/media\/118552"}],"wp:attachment":[{"href":"https:\/\/zjarr.tv\/sq\/wp-json\/wp\/v2\/media?parent=118551"}],"wp:term":[{"taxonomy":"category","embeddable":true,"href":"https:\/\/zjarr.tv\/sq\/wp-json\/wp\/v2\/categories?post=118551"},{"taxonomy":"post_tag","embeddable":true,"href":"https:\/\/zjarr.tv\/sq\/wp-json\/wp\/v2\/tags?post=118551"}],"curies":[{"name":"wp","href":"https:\/\/api.w.org\/{rel}","templated":true}]}}