{"id":118558,"date":"2019-12-15T17:28:57","date_gmt":"2019-12-15T16:28:57","guid":{"rendered":"https:\/\/zjarr.tv\/?p=118558"},"modified":"2019-12-15T17:28:57","modified_gmt":"2019-12-15T16:28:57","slug":"u-gjet-pa-shenja-jete-ne-shtrat-amaneti-i-fundit-i-rezartes-per-familjaret","status":"publish","type":"post","link":"https:\/\/zjarr.tv\/sq\/u-gjet-pa-shenja-jete-ne-shtrat-amaneti-i-fundit-i-rezartes-per-familjaret\/","title":{"rendered":"U gjet pa shenja jete n\u00eb shtrat\/ Amaneti i fundit i Rezart\u00ebs p\u00ebr familjar\u00ebt"},"content":{"rendered":"<div class=\"readmore-text-here\">\n<p>&#8220;Mos u m\u00ebrzisni se ndihem shum\u00eb mir\u00eb! Mos qani p\u00ebr mua!\u201d, jan\u00eb fjal\u00ebt e fundit q\u00eb Rezarta Xibrraku iu ka th\u00ebn\u00eb familjar\u00ebve t\u00eb saj n\u00ebp\u00ebrmjet telefonit p\u00ebrpara se t\u00eb ndahej nga jeta. E reja u gjet pothuajse pa shenja jete n\u00eb shtratin martesor, nd\u00ebrsa bashk\u00ebshorti i saj Olsi Hajdari ndodhej n\u00eb gj\u00ebndje t\u00eb r\u00ebnd\u00eb. Ngjarja \u00ebsht\u00eb regjistruar m\u00ebngjesin e s\u00eb premtes n\u00eb Xibrrak\u00eb t\u00eb Librazhdit dhe \u00e7ifti ishte martuar t\u00eb diel\u00ebn e kaluar.<\/p>\n<p>Familjar\u00ebt e Rezart\u00ebs, kan\u00eb dyshime t\u00eb forta se vajza e tyre mund t\u00eb jet\u00eb helmuar p\u00ebr shkaqe q\u00eb as ata vet\u00eb nuk din\u00eb t\u2019i thon\u00eb.<\/p>\n<p>Gazeta Shqip\u00a0ka mundur q\u00eb t\u00eb flas\u00eb m\u00eb v\u00ebllan\u00eb e Rezart\u00ebs, i cili pretendon se motr\u00ebn ia kan\u00eb vrar\u00eb dhe nj\u00ebkoh\u00ebsisht k\u00ebrkon zbardhjen e s\u00eb v\u00ebrtet\u00ebs.<\/p>\n<p><strong>Intervista e plot\u00eb<\/strong><\/p>\n<p><strong>Reshit, si e mor\u00ebt vesh lajmin p\u00ebr vdekjen e motr\u00ebs?<\/strong><\/p>\n<p>M\u00ebngjesin e s\u00eb premtes, na mor\u00ebn n\u00eb telefon t\u00eb af\u00ebrmit e Olsit dhe na than\u00eb se Rezarta ishte shtruar n\u00eb spitalin e Librazhdit. Kur shkuam atje, mor\u00ebm vesh se kishte vdekur.<\/p>\n<p><strong>Nga se kishte vdekur?<\/strong><\/p>\n<p>T\u00eb af\u00ebrmit e dh\u00ebndrit na than\u00eb se jan\u00eb helmuar me mangall, por ne nuk e besojm\u00eb nj\u00eb gj\u00eb t\u00eb till\u00eb. Kemi dyshime q\u00eb i kan\u00eb helmuar. Njeriu nuk mund t\u00eb vdes\u00eb aq leht\u00eb nga mangalli.<\/p>\n<p><strong>Ju dyshoni se b\u00ebhet fjal\u00eb p\u00ebr krim dhe jo p\u00ebr ngjarje aksidentale?<\/strong><\/p>\n<p>Kemi dyshime se dikush nga t\u00eb af\u00ebrmit e Olsit mund t\u2019i ket\u00eb helmuar nga zilia. Ata t\u00eb dy e donin shum\u00eb nj\u00ebri-tjetrin. Jan\u00eb martuar me dashuri dhe dukeshin shum\u00eb t\u00eb lumtur. Ende nuk e kemi marr\u00eb veten nga ajo q\u00eb ka ngjar\u00eb, por ne si familje do t\u00eb b\u00ebjm\u00eb hetimet tona. Nd\u00ebr t\u00eb tjera, po presim q\u00eb t\u00eb vij\u00eb edhe ekspertiza mjeko-ligjore. Aty do t\u00eb gjendet e v\u00ebrteta.<\/p>\n<p><strong>Kur keni folur p\u00ebr her\u00eb t\u00eb fundit me motr\u00ebn?<\/strong><\/p>\n<p>Fol\u00ebm n\u00eb telefon mbr\u00ebmjen e s\u00eb enjtes, pra nj\u00eb nat\u00eb p\u00ebrpara ngjarjes dhe e pyet\u00ebm se si ndihej n\u00eb familjen e re. Ajo dukej mir\u00eb. Na tha q\u00eb t\u00eb mos e kishim merak dhe q\u00eb t\u00eb mos qanim p\u00ebr at\u00eb. Kishte vet\u00ebm pak dit\u00eb q\u00eb ishte martuar dhe dukej e lumtur.<\/p>\n<p><strong>Dyshuat p\u00ebr ndonj\u00eb gj\u00eb at\u00eb nat\u00eb?<\/strong><\/p>\n<p>Jo, nuk dyshuam, ndon\u00ebse nga z\u00ebri kishte di\u00e7ka q\u00eb nuk shkonte me t\u00eb.<\/p>\n<p><strong>A mund t\u00eb ket\u00eb qen\u00eb ky ndoshta nj\u00eb amanet p\u00ebr juve?<\/strong><\/p>\n<p>Ndoshta po.<\/p>\n<\/div>\n<div id=\"rekl-33\"><\/div>\n","protected":false},"excerpt":{"rendered":"<p>&#8220;Mos u m\u00ebrzisni se ndihem shum\u00eb mir\u00eb! Mos qani p\u00ebr mua!\u201d, jan\u00eb fjal\u00ebt e fundit q\u00eb Rezarta Xibrraku iu ka th\u00ebn\u00eb familjar\u00ebve t\u00eb saj n\u00ebp\u00ebrmjet telefonit p\u00ebrpara se t\u00eb ndahej nga jeta. E reja u gjet pothuajse pa shenja jete n\u00eb shtratin martesor, nd\u00ebrsa bashk\u00ebshorti i saj Olsi Hajdari ndodhej n\u00eb gj\u00ebndje t\u00eb r\u00ebnd\u00eb. Ngjarja [&hellip;]<\/p>\n","protected":false},"author":2013,"featured_media":118595,"comment_status":"open","ping_status":"closed","sticky":false,"template":"","format":"standard","meta":{"footnotes":""},"categories":[241,235],"tags":[],"class_list":{"0":"post-118558","1":"post","2":"type-post","3":"status-publish","4":"format-standard","5":"has-post-thumbnail","7":"category-aktualitet","8":"category-vendi"},"_links":{"self":[{"href":"https:\/\/zjarr.tv\/sq\/wp-json\/wp\/v2\/posts\/118558","targetHints":{"allow":["GET"]}}],"collection":[{"href":"https:\/\/zjarr.tv\/sq\/wp-json\/wp\/v2\/posts"}],"about":[{"href":"https:\/\/zjarr.tv\/sq\/wp-json\/wp\/v2\/types\/post"}],"author":[{"embeddable":true,"href":"https:\/\/zjarr.tv\/sq\/wp-json\/wp\/v2\/users\/2013"}],"replies":[{"embeddable":true,"href":"https:\/\/zjarr.tv\/sq\/wp-json\/wp\/v2\/comments?post=118558"}],"version-history":[{"count":0,"href":"https:\/\/zjarr.tv\/sq\/wp-json\/wp\/v2\/posts\/118558\/revisions"}],"wp:featuredmedia":[{"embeddable":true,"href":"https:\/\/zjarr.tv\/sq\/wp-json\/wp\/v2\/media\/118595"}],"wp:attachment":[{"href":"https:\/\/zjarr.tv\/sq\/wp-json\/wp\/v2\/media?parent=118558"}],"wp:term":[{"taxonomy":"category","embeddable":true,"href":"https:\/\/zjarr.tv\/sq\/wp-json\/wp\/v2\/categories?post=118558"},{"taxonomy":"post_tag","embeddable":true,"href":"https:\/\/zjarr.tv\/sq\/wp-json\/wp\/v2\/tags?post=118558"}],"curies":[{"name":"wp","href":"https:\/\/api.w.org\/{rel}","templated":true}]}}