{"id":118561,"date":"2019-12-15T19:20:23","date_gmt":"2019-12-15T18:20:23","guid":{"rendered":"https:\/\/zjarr.tv\/?p=118561"},"modified":"2019-12-15T17:06:30","modified_gmt":"2019-12-15T16:06:30","slug":"kurti-bashkimi-me-shqiperine-kemi-detyra-te-tjera","status":"publish","type":"post","link":"https:\/\/zjarr.tv\/sq\/kurti-bashkimi-me-shqiperine-kemi-detyra-te-tjera\/","title":{"rendered":"Kurti: Bashkimi me Shqip\u00ebrin\u00eb? Kemi detyra t\u00eb tjera"},"content":{"rendered":"<div class=\"readmore-text-here\">\n<p>Pas 22 vitesh duke luftuar sistemin, tani do marr\u00eb p\u00ebrsip\u00ebr p\u00ebrgjegj\u00ebsin\u00eb p\u00ebr t\u00eb. K\u00ebshtu shkruan gazeta e njohur, Financial Times, duke iu referuar Albin Kurtit, njeriut q\u00eb do b\u00ebhet kryeminist\u00ebr i Kosov\u00ebs s\u00eb shpejti. Gazeta e ka intervistuar Kurtin, i cili thot\u00eb se Kosova \u00ebsht\u00eb skllav\u00ebruar nga korrupsioni.<\/p>\n<div id=\"rekl-13\">\n<div id=\"__sap-ad-15\" class=\"__sap-ads __sap-html tracked\" data-title=\"Credins desktop 08\">\n<div id=\"beacon_5680f812e9\"><img loading=\"lazy\" decoding=\"async\" src=\"https:\/\/ads1.medium.al\/www\/delivery\/lg.php?bannerid=479&amp;campaignid=66&amp;zoneid=232&amp;loc=https%3A%2F%2Fwww.syri.net%2Fpolitike%2F301689%2Falbin-kurti-per-ft-bashkimi-me-shqiperine-kemi-detyra-te-tjera%2F&amp;referer=https%3A%2F%2Fwww.syri.net%2Flajme%2F&amp;cb=5680f812e9\" alt=\"\" width=\"0\" height=\"0\" \/>Kreu i VV i tha FT se ai d\u00ebshiron ta l\u00ebr\u00eb m\u00ebnjan\u00eb k\u00ebrkes\u00ebn p\u00ebr bashkim me Shqip\u00ebrin\u00eb pasi fokusi do jet\u00eb zhvillimi ekonomik i Kosov\u00ebs.<\/div>\n<\/div>\n<\/div>\n<p>Financial Times shkruan se Vet\u00ebvendosje \u00ebsht\u00eb par\u00eb si k\u00ebrc\u00ebnim rajonal nga diplomat\u00ebt e huaj. Kjo parti ka b\u00ebr\u00eb thirrje p\u00ebr bashkim me Shqip\u00ebrin\u00eb. Por Kurti thot\u00eb se nd\u00ebrtimi i shtetit kosovar \u00ebsht\u00eb m\u00eb shum\u00eb prioritet se l\u00ebvizjet p\u00ebr bashkimin me Shqip\u00ebrin\u00eb, edhe pse organizata e tij ka ngritur nj\u00eb deg\u00eb n\u00eb Tiran\u00eb.<\/p>\n<p>\u201cFillimisht ne duhet t\u00eb ngrihemi. Shteti yn\u00eb \u00ebsht\u00eb mjaft i dob\u00ebt, por kjo p\u00ebr shkak t\u00eb kapjes s\u00eb brendshme pas \u00e7lirimit t\u00eb jasht\u00ebm nga Serbia. Vendi \u00ebsht\u00eb i skllav\u00ebruar nga brenda,\u201d tha Kurti.<\/p>\n<p>Gazeta shkruan se Kurti do t\u00eb duhet t\u00eb negocioj\u00eb me Serbin\u00eb, por ai thot\u00eb se nuk i p\u00eblqen q\u00eb t\u00eb b\u00ebhen bisedime mbi harta, duke refuzuar k\u00ebshtu edhe planin p\u00ebr shk\u00ebmbim territoresh.<\/p>\n<p>\u201cNe do t\u00eb zhvendosemi nga debati p\u00ebr kontrollin mbi territorin drejt debatit p\u00ebr t\u00eb drejtat e qytetar\u00ebve dhe nevojat e komunitetit&#8230; p\u00ebr shkak se hartat jan\u00eb raciste,\u201d tha ai.<\/p>\n<\/div>\n<div id=\"rekl-33\"><\/div>\n","protected":false},"excerpt":{"rendered":"<p>Pas 22 vitesh duke luftuar sistemin, tani do marr\u00eb p\u00ebrsip\u00ebr p\u00ebrgjegj\u00ebsin\u00eb p\u00ebr t\u00eb. K\u00ebshtu shkruan gazeta e njohur, Financial Times, duke iu referuar Albin Kurtit, njeriut q\u00eb do b\u00ebhet kryeminist\u00ebr i Kosov\u00ebs s\u00eb shpejti. Gazeta e ka intervistuar Kurtin, i cili thot\u00eb se Kosova \u00ebsht\u00eb skllav\u00ebruar nga korrupsioni. Kreu i VV i tha FT se [&hellip;]<\/p>\n","protected":false},"author":2013,"featured_media":109954,"comment_status":"open","ping_status":"closed","sticky":false,"template":"","format":"standard","meta":{"footnotes":""},"categories":[241,2],"tags":[],"class_list":{"0":"post-118561","1":"post","2":"type-post","3":"status-publish","4":"format-standard","5":"has-post-thumbnail","7":"category-aktualitet","8":"category-rajoni"},"_links":{"self":[{"href":"https:\/\/zjarr.tv\/sq\/wp-json\/wp\/v2\/posts\/118561","targetHints":{"allow":["GET"]}}],"collection":[{"href":"https:\/\/zjarr.tv\/sq\/wp-json\/wp\/v2\/posts"}],"about":[{"href":"https:\/\/zjarr.tv\/sq\/wp-json\/wp\/v2\/types\/post"}],"author":[{"embeddable":true,"href":"https:\/\/zjarr.tv\/sq\/wp-json\/wp\/v2\/users\/2013"}],"replies":[{"embeddable":true,"href":"https:\/\/zjarr.tv\/sq\/wp-json\/wp\/v2\/comments?post=118561"}],"version-history":[{"count":0,"href":"https:\/\/zjarr.tv\/sq\/wp-json\/wp\/v2\/posts\/118561\/revisions"}],"wp:featuredmedia":[{"embeddable":true,"href":"https:\/\/zjarr.tv\/sq\/wp-json\/wp\/v2\/media\/109954"}],"wp:attachment":[{"href":"https:\/\/zjarr.tv\/sq\/wp-json\/wp\/v2\/media?parent=118561"}],"wp:term":[{"taxonomy":"category","embeddable":true,"href":"https:\/\/zjarr.tv\/sq\/wp-json\/wp\/v2\/categories?post=118561"},{"taxonomy":"post_tag","embeddable":true,"href":"https:\/\/zjarr.tv\/sq\/wp-json\/wp\/v2\/tags?post=118561"}],"curies":[{"name":"wp","href":"https:\/\/api.w.org\/{rel}","templated":true}]}}