{"id":118599,"date":"2019-12-15T18:40:48","date_gmt":"2019-12-15T17:40:48","guid":{"rendered":"https:\/\/zjarr.tv\/?p=118599"},"modified":"2019-12-15T17:36:01","modified_gmt":"2019-12-15T16:36:01","slug":"drejt-dialogut-te-marreveshjes","status":"publish","type":"post","link":"https:\/\/zjarr.tv\/sq\/drejt-dialogut-te-marreveshjes\/","title":{"rendered":"Drejt dialogut t\u00eb marr\u00ebveshjes"},"content":{"rendered":"<p><span class=\"subtitle\">P\u00ebrplasjet verbale nd\u00ebrmjet autoriteteve t\u00eb Kosov\u00ebs dhe Serbis\u00eb, t\u00eb cilat kan\u00eb t\u00eb b\u00ebjn\u00eb me t\u00eb kaluar\u00ebn, me luft\u00ebn dhe me pranimin ose jo t\u00eb krimeve t\u00eb luft\u00ebs, shp\u00ebrfaqin dallimet thelb\u00ebsore nd\u00ebrmjet dy vendeve, jo vet\u00ebm p\u00ebr t\u00eb kaluar\u00ebn, por edhe p\u00ebr t\u00eb ardhmen, e cila do t\u00eb ndikoj\u00eb shum\u00eb n\u00eb raportet nd\u00ebrmjet dy vendeve, vler\u00ebsojn\u00eb njoh\u00ebsit e zhvillimeve politike, shqiptar\u00eb dhe serb\u00eb.<\/span><\/p>\n<p>Jav\u00ebn e kaluar, presidenti serb, Aleksandar Vu\u00e7iq, ka deklaruar se \u201ckrimi n\u00eb Re\u00e7ak ka qen\u00eb i fabrikuar\u201d, gj\u00eb q\u00eb ka nxitur reagime t\u00eb ashpra t\u00eb autoriteteve t\u00eb Kosov\u00ebs, t\u00eb cilat e kan\u00eb cil\u00ebsuar k\u00ebt\u00eb deklarat\u00eb si mohim t\u00eb krimeve t\u00eb luft\u00ebs.<\/p>\n<p>Politologu Ramush Tahiri thot\u00eb p\u00ebr Radion Evropa e Lir\u00eb se bazamenti i p\u00ebrplasjeve verbale nd\u00ebrmjet autoriteteve t\u00eb Kosov\u00ebs dhe Serbis\u00eb, \u00ebsht\u00eb koncepti, t\u00eb cilin Serbia e ka mbi luft\u00ebrat n\u00eb ish-Jugosllavi dhe i cili \u00ebsht\u00eb i ndrysh\u00ebm nga ai q\u00eb kan\u00eb ish-republikat tjera, p\u00ebrfshir\u00eb edhe Kosov\u00ebn, e cila n\u00eb p\u00ebrb\u00ebrjen e shtetit t\u00eb kaluar t\u00eb p\u00ebrbashk\u00ebt, kishte statusin e krahin\u00ebs autonome.<\/p>\n<p>Sipas tij, Serbia mendon q\u00eb luft\u00ebrat n\u00eb ish-Jugosllavi kan\u00eb qen\u00eb civile, separatiste dhe p\u00ebr shkat\u00ebrrimin e Jugosllavis\u00eb. Popujt tjer\u00eb, si\u00e7 thot\u00eb ai, mendojn\u00eb se ato kan\u00eb qen\u00eb luft\u00ebra t\u00eb tyre p\u00ebr liri, p\u00ebrfshir\u00eb edhe Kosov\u00ebn, e cila luft\u00ebn me Serbin\u00eb, e sheh si m\u00ebnyr\u00eb p\u00ebr t\u2019i shp\u00ebtuar gjenocidit dhe okupimit nga Serbia.<\/p>\n<p>\u201cN\u00ebse kjo \u00e7\u00ebshtje nuk zgjidhet, nuk mund t\u00eb ket\u00eb marr\u00ebveshje nd\u00ebrmjet Kosov\u00ebs dhe Serbis\u00eb, sepse \u00ebsht\u00eb e drejt\u00eb q\u00eb pa e pranuar Serbia q\u00eb pik\u00ebrisht politika serbomadhe dhe pik\u00ebrisht politika e (ish-presidentit serb, Slobodan) Milosheviqit ishte fajtore p\u00ebr shkat\u00ebrrimin e Jugosllavis\u00eb, nuk mund t\u00eb ket\u00eb p\u00ebrparim. N\u00eb k\u00ebt\u00eb luft\u00eb nuk mund t\u00eb ket\u00eb dy fajtor\u00eb, por nj\u00ebri do t\u00eb jet\u00eb \u00e7lirimtar dhe tjetri okupues\u201d, thot\u00eb Tahiri.<\/p>\n<p>Njoh\u00ebsi serb i \u00e7\u00ebshtjeve politike, Rangjel Nojkiq, ish-deputet i Kuvendit t\u00eb Kosov\u00ebs, duke folur p\u00ebr Radion Evropa e Lir\u00eb, vler\u00ebson q\u00eb autoritetet e\u00a0Kosov\u00ebs dhe ato t\u00eb Serbis\u00eb,\u00a0p\u00ebrmes p\u00ebrplasjeve verbale lidhur me \u00e7\u00ebshtjen e krimeve t\u00eb luft\u00ebs, jan\u00eb duke bler\u00eb koh\u00eb, p\u00ebr rregullimin e problemeve t\u00eb brendshme.<\/p>\n<p>\u201cKjo p\u00ebrplasje verbale \u00ebsht\u00eb blerje e koh\u00ebs p\u00ebr\u00a0Prishtin\u00ebn dhe Beogradin, marr\u00eb parasysh se ato nuk jan\u00eb t\u00eb gatshme q\u00eb n\u00eb k\u00ebt\u00eb moment t\u00eb bisedojn\u00eb. N\u00eb at\u00eb moment q\u00eb bashk\u00ebsia nd\u00ebrkomb\u00ebtare e sheh t\u00eb arsyeshme q\u00eb duhet ulur n\u00eb tavolin\u00eb, do t\u00eb harrohen t\u00eb gjitha k\u00ebto dhe do t\u2019iu qasen atyre zgjidhjeve q\u00eb jan\u00eb t\u00eb mundshme. Ka zgjidhje, p\u00ebr t\u00eb cilat duhet biseduar, marr\u00eb parasysh q\u00eb marr\u00ebveshjen (e Brukselit) n\u00eb m\u00ebnyr\u00eb t\u00eb nj\u00ebjt\u00eb nuk e respektojn\u00eb as Beogradi, e as Prishtina\u201d, thekson Nojkiq.<\/p>\n<p>T\u00eb dy njoh\u00ebsit e zhvillimeve politike, vler\u00ebsojn\u00eb se nj\u00eb marr\u00ebveshje gjith\u00ebp\u00ebrfshir\u00ebse dhe juridikisht obliguese nd\u00ebrmjet Kosov\u00ebs dhe Serbis\u00eb, e cila do t\u00eb zgjidhte kontestin nd\u00ebrmjet dy vendeve, nuk mund t\u00eb ket\u00eb alternativ\u00eb tjet\u00ebr pozitive.<\/p>\n<p>Por, se a do t\u00eb trajtohen n\u00eb nj\u00eb marr\u00ebveshje t\u00eb till\u00eb \u00e7\u00ebshtja e krimeve t\u00eb luft\u00ebs dhe k\u00ebrkim-falja eventuale p\u00ebr ato krime, sipas tyre, \u00ebsht\u00eb pak e besueshme.\u00a0Politologu Tahiri thot\u00eb se k\u00ebrkim-falja e Serbis\u00eb p\u00ebr krimet e kryera n\u00eb Kosov\u00eb, m\u00eb tep\u00ebr \u00ebsht\u00eb \u00e7\u00ebshtje emocionale, e cila nuk ka ndonj\u00eb pesh\u00eb t\u00eb r\u00ebnd\u00ebsishme si \u00e7\u00ebshtje juridike-penale.<\/p>\n<p>Nd\u00ebrkaq, sipas tij, \u00e7\u00ebshtje juridike \u00ebsht\u00eb q\u00eb kriminel\u00ebt q\u00eb kan\u00eb kryer krime lufte, t\u00eb dalin para drejt\u00ebsis\u00eb dhe t\u00eb p\u00ebrgjigjen p\u00ebr krimet, si dhe politika, e cila i ka shkaktuar k\u00ebto krime, t\u00eb gjykohet dhe t\u00eb marr\u00eb nj\u00eb d\u00ebnim.<\/p>\n<p>\u201cK\u00ebrkim-falje nuk do t\u00eb ket\u00eb dhe as q\u00eb ka ndonj\u00eb tentim q\u00eb t\u00eb ket\u00eb. Derisa b\u00ebhet n\u00eb politikat gjermane \u2013 e pat\u00ebm edhe (kancelaren) Merkel n\u00eb Aushvic \u2013 pra, ata e kan\u00eb futur n\u00eb ligj, kund\u00ebr fashizmit n\u00eb ringjallje dhe kund\u00ebr atyre q\u00eb e mohojn\u00eb Holokaustin. Por, n\u00eb Serbi, kjo e fundit konsideron q\u00eb nga k\u00ebto luft\u00ebra ka p\u00ebsuar dhe nuk e ndjen veten fajtore\u201d, vler\u00ebson Tahiri.<\/p>\n<p>Nojkiq thekson q\u00eb shqyrtimi i krimeve t\u00eb luft\u00ebs, n\u00eb nj\u00eb moment, do t\u00eb vij\u00eb n\u00eb rend dite. Por, sipas tij, tash p\u00ebr tash ende nuk jan\u00eb pjekur kushtet p\u00ebr nj\u00eb gj\u00eb t\u00eb till\u00eb.<\/p>\n<p>Megjithat\u00eb, si\u00e7 thot\u00eb ai, kur\u00a0pal\u00ebt t\u00eb pajtohen\u00a0p\u00ebr nj\u00eb marr\u00ebveshje, at\u00ebher\u00eb ato do t\u00eb ulen dhe t\u00eb ballafaqohen me problemet e s\u00eb kaluar\u00ebs dhe q\u00eb secila pal\u00eb t\u2019i pranoj\u00eb m\u00ebkatet e veta. Por, brenda vet\u00eb marr\u00ebveshjes, ai nuk pret t\u00eb p\u00ebrfshihet nj\u00eb k\u00ebrkim-falje p\u00ebr krimet e luft\u00ebs.<\/p>\n<p>\u201cMendoj q\u00eb kjo nuk do t\u00eb jet\u00eb, p\u00ebrve\u00e7 n\u00eb rast se bashk\u00ebsia nd\u00ebrkomb\u00ebtare do ta kuptoj\u00eb se nj\u00eb gj\u00eb e till\u00eb \u00ebsht\u00eb e domosdoshme. Fundja, ne kemi marr\u00ebveshjet nga luft\u00ebrat e kaluara t\u00eb Ballkanit, ku pal\u00ebt jan\u00eb marr\u00eb vesh, por nuk ka pasur k\u00ebrkim-falje n\u00eb kuptimin q\u00eb ajo edhe formalisht t\u00eb shkruhet n\u00eb marr\u00ebveshje. K\u00ebrkim-falja \u00ebsht\u00eb e mundshme kur t\u00eb ngrohen marr\u00ebdh\u00ebniet dhe kur t\u00eb dyja pal\u00ebt t\u00eb jen\u00eb t\u00eb gatshme p\u00ebr di\u00e7ka t\u00eb till\u00eb. Nuk pres q\u00eb dikush t\u00eb insistoj\u00eb q\u00eb di\u00e7ka e till\u00eb t\u00eb q\u00ebndroj\u00eb n\u00eb marr\u00ebveshje\u201d, thot\u00eb Nojkiq.<\/p>\n<p>Q\u00eb t\u00eb dy njoh\u00ebsit e zhvillimeve politike vler\u00ebsojn\u00eb se p\u00ebrplasjet verbale nd\u00ebrmjet autoriteteve t\u00eb\u00a0Kosov\u00ebs dhe t\u00eb Serbis\u00eb, lidhur me krimet e luft\u00ebs, do t\u00eb vazhdojn\u00eb edhe m\u00eb tutje.<\/p>\n<p>Deklarata\u00a0e presidentit serb, Vu\u00e7iq, e cila ka nxitur reagimet n\u00eb Kosov\u00eb, ka ardhur pas d\u00ebnimit me 2 vjet burgim, nga Gjykata Themelore n\u00eb Prishtin\u00eb, t\u00eb ish-ministrit t\u00eb Qeveris\u00eb s\u00eb Kosov\u00ebs, Ivan Todosijeviq, p\u00ebr nxitje dhe p\u00ebrhapje publikisht t\u00eb urrejtjes, p\u00ebr\u00e7arjes dhe mosdurimit nd\u00ebrmjet grupeve komb\u00ebtare, racore dhe etnike q\u00eb jetojn\u00eb n\u00eb Kosov\u00eb.<\/p>\n<p>Ky i fundit kishte deklaruar m\u00eb 24 mars t\u00eb k\u00ebtij viti se \u201cmasakra e Re\u00e7akut ishte trillim\u201d dhe q\u00eb \u201cterrorist\u00ebt shqiptar\u00eb e trilluan gjith\u00eb k\u00ebt\u00eb\u201d.<\/p>\n","protected":false},"excerpt":{"rendered":"<p>P\u00ebrplasjet verbale nd\u00ebrmjet autoriteteve t\u00eb Kosov\u00ebs dhe Serbis\u00eb, t\u00eb cilat kan\u00eb t\u00eb b\u00ebjn\u00eb me t\u00eb kaluar\u00ebn, me luft\u00ebn dhe me pranimin ose jo t\u00eb krimeve t\u00eb luft\u00ebs, shp\u00ebrfaqin dallimet thelb\u00ebsore nd\u00ebrmjet dy vendeve, jo vet\u00ebm p\u00ebr t\u00eb kaluar\u00ebn, por edhe p\u00ebr t\u00eb ardhmen, e cila do t\u00eb ndikoj\u00eb shum\u00eb n\u00eb raportet nd\u00ebrmjet dy vendeve, vler\u00ebsojn\u00eb [&hellip;]<\/p>\n","protected":false},"author":2013,"featured_media":118600,"comment_status":"open","ping_status":"closed","sticky":false,"template":"","format":"standard","meta":{"footnotes":""},"categories":[241,2],"tags":[],"class_list":{"0":"post-118599","1":"post","2":"type-post","3":"status-publish","4":"format-standard","5":"has-post-thumbnail","7":"category-aktualitet","8":"category-rajoni"},"_links":{"self":[{"href":"https:\/\/zjarr.tv\/sq\/wp-json\/wp\/v2\/posts\/118599","targetHints":{"allow":["GET"]}}],"collection":[{"href":"https:\/\/zjarr.tv\/sq\/wp-json\/wp\/v2\/posts"}],"about":[{"href":"https:\/\/zjarr.tv\/sq\/wp-json\/wp\/v2\/types\/post"}],"author":[{"embeddable":true,"href":"https:\/\/zjarr.tv\/sq\/wp-json\/wp\/v2\/users\/2013"}],"replies":[{"embeddable":true,"href":"https:\/\/zjarr.tv\/sq\/wp-json\/wp\/v2\/comments?post=118599"}],"version-history":[{"count":0,"href":"https:\/\/zjarr.tv\/sq\/wp-json\/wp\/v2\/posts\/118599\/revisions"}],"wp:featuredmedia":[{"embeddable":true,"href":"https:\/\/zjarr.tv\/sq\/wp-json\/wp\/v2\/media\/118600"}],"wp:attachment":[{"href":"https:\/\/zjarr.tv\/sq\/wp-json\/wp\/v2\/media?parent=118599"}],"wp:term":[{"taxonomy":"category","embeddable":true,"href":"https:\/\/zjarr.tv\/sq\/wp-json\/wp\/v2\/categories?post=118599"},{"taxonomy":"post_tag","embeddable":true,"href":"https:\/\/zjarr.tv\/sq\/wp-json\/wp\/v2\/tags?post=118599"}],"curies":[{"name":"wp","href":"https:\/\/api.w.org\/{rel}","templated":true}]}}