{"id":118611,"date":"2019-12-15T17:53:49","date_gmt":"2019-12-15T16:53:49","guid":{"rendered":"https:\/\/zjarr.tv\/?p=118611"},"modified":"2019-12-15T17:53:49","modified_gmt":"2019-12-15T16:53:49","slug":"ndahet-nga-jeta-prokurori-i-njohur","status":"publish","type":"post","link":"https:\/\/zjarr.tv\/sq\/ndahet-nga-jeta-prokurori-i-njohur\/","title":{"rendered":"Ndahet nga jeta prokurori i njohur"},"content":{"rendered":"<p>Nj\u00eb lajm i trisht\u00eb vjen nga drejt\u00ebsia shqiptare. Vet\u00ebm pak koh\u00eb pasi doli n\u00eb pension, \u00ebsht\u00eb ndar\u00eb nga jeta prokurori, Apostol Prifti.Prifti ka sh\u00ebrbyer n\u00eb radh\u00ebt e drejt\u00ebsis\u00eb p\u00ebr disa dekada. Lajmin p\u00ebr ndarjen e tij nga jeta e ka dh\u00ebn\u00eb nipi i tij n\u00ebp\u00ebrmjet nj\u00eb statusi n\u00eb profilin e tij n\u00eb facebook, ku ka zbuluar se shkak ka qen\u00eb nj\u00eb atak n\u00eb zem\u00ebr.<\/p>\n<div id=\"rekl-13\">\n<div id=\"__sap-ad-15\" class=\"__sap-ads __sap-html tracked\" data-title=\"Credins desktop 08\"><ins><\/p>\n<div id=\"beacon_c96769a3ad\"><\/div>\n<p><\/ins><\/div>\n<\/div>\n<p>&#8220;E kishim l\u00ebn\u00eb t\u00eb takoheshim me t\u00eb mrekullueshmin xhaxha k\u00ebt\u00eb fundjav\u00eb, pas koh\u00ebsh mes problemeve e pun\u00ebve t\u00eb mia n\u00eb terren. &#8220;Eh mor nipce s&#8217;me gjen gj\u00eb mua. Jam kock\u00eb e fort\u00eb&#8221;, kur i thoja dob\u00ebsohu pak\u00ebz z. Prokuror, se nj\u00eb goditje e ka dh\u00ebn\u00eb zemra dikur, nd\u00ebrsa shiheshim rast\u00ebsisht, teksa ecte n\u00eb piedonale me qenushin e sht\u00ebpis\u00eb. Ajo zem\u00ebr ishte tejet e madhe. Jo ve\u00e7se nj\u00eb xhaxha i mrekulluesh\u00ebm, por nj\u00eb nga prokuror\u00ebt m\u00eb me z\u00eb t\u00eb Shqip\u00ebris\u00eb&#8230;Sikur na mblodhi p\u00ebr her\u00eb t\u00eb fundit gjith\u00eb fisin me rastin e daljes n\u00eb pension, pak muaj m\u00eb par\u00eb&#8230; Ve\u00e7se 65 vje\u00e7. Do m\u00eb mungoj\u00eb z\u00ebri i tij, gjith\u00e7ka&#8230; Do na mungosh i dashur xhaxhai yn\u00eb, Apostol Prifti&#8221;, shkruan Edmond Prifti.<\/p>\n<div id=\"rekl-42\"><\/div>\n","protected":false},"excerpt":{"rendered":"<p>Nj\u00eb lajm i trisht\u00eb vjen nga drejt\u00ebsia shqiptare. Vet\u00ebm pak koh\u00eb pasi doli n\u00eb pension, \u00ebsht\u00eb ndar\u00eb nga jeta prokurori, Apostol Prifti.Prifti ka sh\u00ebrbyer n\u00eb radh\u00ebt e drejt\u00ebsis\u00eb p\u00ebr disa dekada. Lajmin p\u00ebr ndarjen e tij nga jeta e ka dh\u00ebn\u00eb nipi i tij n\u00ebp\u00ebrmjet nj\u00eb statusi n\u00eb profilin e tij n\u00eb facebook, ku ka [&hellip;]<\/p>\n","protected":false},"author":2013,"featured_media":38161,"comment_status":"open","ping_status":"closed","sticky":false,"template":"","format":"standard","meta":{"footnotes":""},"categories":[241,235],"tags":[],"class_list":{"0":"post-118611","1":"post","2":"type-post","3":"status-publish","4":"format-standard","5":"has-post-thumbnail","7":"category-aktualitet","8":"category-vendi"},"_links":{"self":[{"href":"https:\/\/zjarr.tv\/sq\/wp-json\/wp\/v2\/posts\/118611","targetHints":{"allow":["GET"]}}],"collection":[{"href":"https:\/\/zjarr.tv\/sq\/wp-json\/wp\/v2\/posts"}],"about":[{"href":"https:\/\/zjarr.tv\/sq\/wp-json\/wp\/v2\/types\/post"}],"author":[{"embeddable":true,"href":"https:\/\/zjarr.tv\/sq\/wp-json\/wp\/v2\/users\/2013"}],"replies":[{"embeddable":true,"href":"https:\/\/zjarr.tv\/sq\/wp-json\/wp\/v2\/comments?post=118611"}],"version-history":[{"count":0,"href":"https:\/\/zjarr.tv\/sq\/wp-json\/wp\/v2\/posts\/118611\/revisions"}],"wp:featuredmedia":[{"embeddable":true,"href":"https:\/\/zjarr.tv\/sq\/wp-json\/wp\/v2\/media\/38161"}],"wp:attachment":[{"href":"https:\/\/zjarr.tv\/sq\/wp-json\/wp\/v2\/media?parent=118611"}],"wp:term":[{"taxonomy":"category","embeddable":true,"href":"https:\/\/zjarr.tv\/sq\/wp-json\/wp\/v2\/categories?post=118611"},{"taxonomy":"post_tag","embeddable":true,"href":"https:\/\/zjarr.tv\/sq\/wp-json\/wp\/v2\/tags?post=118611"}],"curies":[{"name":"wp","href":"https:\/\/api.w.org\/{rel}","templated":true}]}}