{"id":119244,"date":"2019-12-23T17:14:02","date_gmt":"2019-12-23T16:14:02","guid":{"rendered":"https:\/\/zjarr.tv\/?p=119244"},"modified":"2019-12-23T17:14:02","modified_gmt":"2019-12-23T16:14:02","slug":"zvicra-1-4-milione-euro-ndihmon-per-te-prekurit-nga-termeti","status":"publish","type":"post","link":"https:\/\/zjarr.tv\/sq\/zvicra-1-4-milione-euro-ndihmon-per-te-prekurit-nga-termeti\/","title":{"rendered":"Zvicra, 1.4 milion\u00eb euro ndihmon p\u00ebr t\u00eb prekurit nga t\u00ebrmeti"},"content":{"rendered":"<p>Pas t\u00ebrmetit t\u00eb 26 n\u00ebntorit, nj\u00eb p\u00ebrgjigje e shpejt\u00eb nga Zvicra ndaj thirrjes s\u00eb Shqip\u00ebris\u00eb p\u00ebr mb\u00ebshtetje ka sjell\u00eb leht\u00ebsim p\u00ebr mbi 5,200 banor\u00eb t\u00eb prekur. Nj\u00eb vler\u00ebsim nga Ndihma Humanitare Zvicerane zbulon se mb\u00ebshtetja p\u00ebr pasojat e t\u00ebrmetit n\u00eb Shqip\u00ebri arrin n\u00eb mbi 1 milion\u00eb Euro \u2013 nd\u00ebrsa nj\u00eb fond prej 450,000 Euro \u00ebsht\u00eb alokuar p\u00ebr rind\u00ebrtimin e qendrave sh\u00ebndet\u00ebsore.<\/p>\n<p>Mb\u00ebshtetja direkte i ka sjell\u00eb p\u00ebrfitim 5,200 njer\u00ebzve duke u fokusuar n\u00eb zonat m\u00eb pak t\u00eb mbuluara nga donator\u00ebt e tjer\u00eb si\u00e7 jan\u00eb zonat rurale dhe segmentet m\u00eb t\u00eb varfra t\u00eb popullat\u00ebs.<\/p>\n<p>Tre linjat e para t\u00eb veprimit p\u00ebrfshir\u00eb inspektimin nga inxhinier\u00eb t\u00eb strukturave, strehimin, dhe nj\u00eb skem\u00eb pilot p\u00ebr mb\u00ebshtetje financiare.<\/p>\n<p>\u2018Mb\u00ebshtetja zvicerane p\u00ebr pasojat e t\u00ebrmetit ishte e shpejt\u00eb, eficente dhe gjith\u00eb-p\u00ebrmbledh\u00ebse\u2019, thot\u00eb Ambasadori zviceran Adrian Maitre. \u2018Ekipi nga Ndihma Humanitare n\u00eb Bern, Ambasada dhe projektet tona bashk\u00ebrenduan dhe dhan\u00eb maksimumin e mundsh\u00ebm p\u00ebr t\u00eb ndihmuar njer\u00ebzit m\u00eb t\u00eb prekur nga t\u00ebrmeti shkat\u00ebrrues i 26 N\u00ebntorit. Gjithashtu, pas nj\u00eb k\u00ebrkese nga Ministria e Sh\u00ebndet\u00ebsis\u00eb dhe Mbrojtjes Sociale ne ram\u00eb dakord q\u00eb t\u00eb shtojm\u00eb mbi 450,000 Euro p\u00ebr rind\u00ebrtimin e disa qendrave sh\u00ebndet\u00ebsore n\u00eb zonat e prekura\u2019, deklaron Ambasador Maitre.<\/p>\n<p>Faza e re e mb\u00ebshtetjes fokusohet n\u00eb rind\u00ebrtimin e t\u00eb pakt\u00ebn 5 qendrave n\u00eb Durr\u00ebs dhe p\u00ebrreth, t\u00eb cilat kan\u00eb p\u00ebsuar d\u00ebmtime serioze strukturore nga t\u00ebrmeti dhe t\u00eb cilat nuk konsiderohen t\u00eb sigurta p\u00ebr qytetar\u00ebt dhe p\u00ebr stafin mjek\u00ebsor. Rreth 45,000 banor\u00eb mbulohen nga k\u00ebto 5 qendra, dhe t\u00eb cil\u00ebt aktualisht por marrin vet\u00ebm sh\u00ebrbime mjek\u00ebsore minimale.<\/p>\n<p>Ekipi i p\u00ebrgjigjes s\u00eb shpejt\u00eb siguroi strehim dim\u00ebror p\u00ebr 1,100 njer\u00ebz n\u00eb Kurbin, Mirdit\u00eb dhe Shijak. Kjo linj\u00eb e mb\u00ebshtetjes p\u00ebrfshiu 250 \u00e7adra dim\u00ebrore familjare, 400 krevate, 1,200 batanije dhe mbulesa tarpauline.<\/p>\n<p>P\u00ebr familjet m\u00eb t\u00eb d\u00ebmtuara, nj\u00eb skem\u00eb pilot p\u00ebr mb\u00ebshtetje financiare po vazhdon t\u00eb mbuloj\u00eb nevojat m\u00eb urgjente p\u00ebr riparimin e sht\u00ebpive dhe p\u00ebr nevojat themelore.<\/p>\n<p>M\u00eb shum\u00eb mb\u00ebshtetje nga Zvicra do t\u00eb jepet bazuar n\u00eb vler\u00ebsimin e nevojave q\u00eb do t\u00eb kryhet nga qeveria e Shqip\u00ebris\u00eb s\u00eb bashku me partner\u00ebt nd\u00ebrkomb\u00ebtar\u00eb n\u00eb Janar 2020. Ambasada do t\u00eb vendos\u00eb adaptime t\u00eb mundshme t\u00eb programit t\u00eb bashk\u00ebpunimit zviceran duke u bazuar n\u00eb k\u00ebt\u00eb vler\u00ebsim dhe pas diskutimeve me qeverin\u00eb dhe partner\u00ebt.<\/p>\n<p>Misioni zviceran p\u00ebr t\u00ebrmetin n\u00eb Shqip\u00ebri ishte nga t\u00eb part\u00eb q\u00eb arrit\u00ebn dhe kontributi i tyre u konsiderua si i r\u00ebnd\u00ebsish\u00ebm nga qeveria.<\/p>\n","protected":false},"excerpt":{"rendered":"<p>Pas t\u00ebrmetit t\u00eb 26 n\u00ebntorit, nj\u00eb p\u00ebrgjigje e shpejt\u00eb nga Zvicra ndaj thirrjes s\u00eb Shqip\u00ebris\u00eb p\u00ebr mb\u00ebshtetje ka sjell\u00eb leht\u00ebsim p\u00ebr mbi 5,200 banor\u00eb t\u00eb prekur. Nj\u00eb vler\u00ebsim nga Ndihma Humanitare Zvicerane zbulon se mb\u00ebshtetja p\u00ebr pasojat e t\u00ebrmetit n\u00eb Shqip\u00ebri arrin n\u00eb mbi 1 milion\u00eb Euro \u2013 nd\u00ebrsa nj\u00eb fond prej 450,000 Euro \u00ebsht\u00eb [&hellip;]<\/p>\n","protected":false},"author":2013,"featured_media":0,"comment_status":"open","ping_status":"closed","sticky":false,"template":"","format":"standard","meta":{"footnotes":""},"categories":[241,235],"tags":[],"class_list":{"0":"post-119244","1":"post","2":"type-post","3":"status-publish","4":"format-standard","6":"category-aktualitet","7":"category-vendi"},"_links":{"self":[{"href":"https:\/\/zjarr.tv\/sq\/wp-json\/wp\/v2\/posts\/119244","targetHints":{"allow":["GET"]}}],"collection":[{"href":"https:\/\/zjarr.tv\/sq\/wp-json\/wp\/v2\/posts"}],"about":[{"href":"https:\/\/zjarr.tv\/sq\/wp-json\/wp\/v2\/types\/post"}],"author":[{"embeddable":true,"href":"https:\/\/zjarr.tv\/sq\/wp-json\/wp\/v2\/users\/2013"}],"replies":[{"embeddable":true,"href":"https:\/\/zjarr.tv\/sq\/wp-json\/wp\/v2\/comments?post=119244"}],"version-history":[{"count":0,"href":"https:\/\/zjarr.tv\/sq\/wp-json\/wp\/v2\/posts\/119244\/revisions"}],"wp:attachment":[{"href":"https:\/\/zjarr.tv\/sq\/wp-json\/wp\/v2\/media?parent=119244"}],"wp:term":[{"taxonomy":"category","embeddable":true,"href":"https:\/\/zjarr.tv\/sq\/wp-json\/wp\/v2\/categories?post=119244"},{"taxonomy":"post_tag","embeddable":true,"href":"https:\/\/zjarr.tv\/sq\/wp-json\/wp\/v2\/tags?post=119244"}],"curies":[{"name":"wp","href":"https:\/\/api.w.org\/{rel}","templated":true}]}}