{"id":121472,"date":"2020-02-07T12:02:49","date_gmt":"2020-02-07T11:02:49","guid":{"rendered":"https:\/\/zjarr.tv\/?p=121472"},"modified":"2020-02-07T12:02:49","modified_gmt":"2020-02-07T11:02:49","slug":"meta-nexhmije-pagarusha-ishte-e-paperseritshme","status":"publish","type":"post","link":"https:\/\/zjarr.tv\/sq\/meta-nexhmije-pagarusha-ishte-e-paperseritshme\/","title":{"rendered":"Meta: Nexhmije Pagarusha ishte e pap\u00ebrs\u00ebritshme!"},"content":{"rendered":"<p>Presidenti i Republik\u00ebs, Ilir Meta, jep nj\u00eb mesazh ngush\u00ebllimi p\u00ebr ndarjen nga jeta t\u00eb ikon\u00ebs s\u00eb muzik\u00ebs shqipe, Nexhmije Pagarusha. Meta shkruan n\u00eb \u201cFacebook\u201d se ky \u00ebsht\u00eb nj\u00eb lajm tragjik, nd\u00ebrsa e cil\u00ebson pagarush\u00ebn nj\u00eb artiste t\u00eb madhe dhe t\u00eb pap\u00ebrs\u00ebritshme. Sipas tij, Pagarusha ishte nj\u00eb artiste q\u00eb b\u00ebri histori n\u00eb momente t\u00eb v\u00ebshtira, fal\u00eb talentit t\u00eb saj, personalitetit fisnik e t\u00eb spikatur, ndaj dhe do t\u00eb mbetet p\u00ebrher\u00eb nj\u00eb model referimi p\u00ebr brezat e rinj t\u00eb artist\u00ebve, nj\u00eb yll i pashuar i muzik\u00ebs shqiptare.<\/p>\n<p>\u201cUn\u00eb isha fatlum ta njihja nga af\u00ebr dhe t\u00eb ndaja me t\u00eb shum\u00eb momente t\u00eb bukura dhe t\u00eb paharrueshme. Ajo nuk ishte magjike, vet\u00ebm n\u00eb sken\u00eb dhe ekran, por n\u00eb \u00e7do moment t\u00eb jet\u00ebs s\u00eb saj\u201d, shkruan Meta.<\/p>\n<p><strong>Mesazhi i Met\u00ebs:<\/strong><br \/>\nMe shum\u00eb dhimbje e hidh\u00ebrim t\u00eb thell\u00eb mora lajmin tragjik t\u00eb ndarjes nga jeta t\u00eb Mbret\u00ebresh\u00ebs s\u00eb k\u00ebng\u00ebs shqiptare, artistes son\u00eb t\u00eb madhe e t\u00eb pap\u00ebrs\u00ebritshme, Nexhmije Pagarusha. E dashur dhe e admiruar nga t\u00eb gjitha brezat p\u00ebr vokalin e jasht\u00ebzakonsh\u00ebm, emocionet dhe krenarin\u00eb q\u00eb i dhuroi kombit n\u00eb dekada, kjo humbje e paz\u00ebvend\u00ebsueshme i ka prekur sot t\u00eb gjith\u00eb shqiptar\u00ebt dhe admiruesit e saj kudo. Si artiste q\u00eb b\u00ebri histori n\u00eb momente t\u00eb v\u00ebshtira, fal\u00eb talentit artistik, personalitetit fisnik e t\u00eb spikatur, Nexhmije Pagarusha, do jet\u00eb p\u00ebrher\u00eb nj\u00eb model referimi p\u00ebr brezat e rinj t\u00eb artist\u00ebve, nj\u00eb yll i pashuar i muzik\u00ebs shqiptare, k\u00ebng\u00ebt e s\u00eb cil\u00ebs do t\u00eb k\u00ebndohen p\u00ebrjet\u00eb.<\/p>\n<p>Un\u00eb isha fatlum ta njihja nga af\u00ebr dhe t\u00eb ndaja me t\u00eb shum\u00eb momente t\u00eb bukura dhe t\u00eb paharrueshme. Ajo nuk ishte magjike, vet\u00ebm n\u00eb sken\u00eb dhe ekran, por n\u00eb \u00e7do moment t\u00eb jet\u00ebs s\u00eb saj.<\/p>\n<p>Duke ndar\u00eb dhimbjen e thell\u00eb p\u00ebr k\u00ebt\u00eb humbje t\u00eb madhe, u shpreh ngush\u00ebllimet m\u00eb t\u00eb sinqerta familjes, t\u00eb af\u00ebrmve, bashk\u00ebpun\u00ebtor\u00ebve dhe t\u00eb gjith\u00eb artdash\u00ebsve shqiptar\u00eb. Si nj\u00eb nga p\u00ebrfaq\u00ebsueset m\u00eb t\u00eb m\u00ebdhaja t\u00eb artit e muzik\u00ebs, e nderuar dhe vler\u00ebsuar nd\u00ebrkomb\u00ebtarisht, me trash\u00ebgimin\u00eb e vyer q\u00eb la pas, Nexhmije Pagarusha do t\u00eb mbetet e paharruar p\u00ebr t\u00eb gjith\u00eb ne.<\/p>\n<p><iframe loading=\"lazy\" src=\"https:\/\/www.facebook.com\/plugins\/post.php?href=https%3A%2F%2Fwww.facebook.com%2Filirmetazyrtar%2Fposts%2F2790496337663288&amp;width=500\" width=\"500\" height=\"747\" frameborder=\"0\" scrolling=\"no\" data-mce-fragment=\"1\"><\/iframe><\/p>\n","protected":false},"excerpt":{"rendered":"<p>Presidenti i Republik\u00ebs, Ilir Meta, jep nj\u00eb mesazh ngush\u00ebllimi p\u00ebr ndarjen nga jeta t\u00eb ikon\u00ebs s\u00eb muzik\u00ebs shqipe, Nexhmije Pagarusha. Meta shkruan n\u00eb \u201cFacebook\u201d se ky \u00ebsht\u00eb nj\u00eb lajm tragjik, nd\u00ebrsa e cil\u00ebson pagarush\u00ebn nj\u00eb artiste t\u00eb madhe dhe t\u00eb pap\u00ebrs\u00ebritshme. Sipas tij, Pagarusha ishte nj\u00eb artiste q\u00eb b\u00ebri histori n\u00eb momente t\u00eb v\u00ebshtira, fal\u00eb [&hellip;]<\/p>\n","protected":false},"author":2013,"featured_media":121473,"comment_status":"open","ping_status":"closed","sticky":false,"template":"","format":"standard","meta":{"footnotes":""},"categories":[241,235],"tags":[],"class_list":{"0":"post-121472","1":"post","2":"type-post","3":"status-publish","4":"format-standard","5":"has-post-thumbnail","7":"category-aktualitet","8":"category-vendi"},"_links":{"self":[{"href":"https:\/\/zjarr.tv\/sq\/wp-json\/wp\/v2\/posts\/121472","targetHints":{"allow":["GET"]}}],"collection":[{"href":"https:\/\/zjarr.tv\/sq\/wp-json\/wp\/v2\/posts"}],"about":[{"href":"https:\/\/zjarr.tv\/sq\/wp-json\/wp\/v2\/types\/post"}],"author":[{"embeddable":true,"href":"https:\/\/zjarr.tv\/sq\/wp-json\/wp\/v2\/users\/2013"}],"replies":[{"embeddable":true,"href":"https:\/\/zjarr.tv\/sq\/wp-json\/wp\/v2\/comments?post=121472"}],"version-history":[{"count":0,"href":"https:\/\/zjarr.tv\/sq\/wp-json\/wp\/v2\/posts\/121472\/revisions"}],"wp:featuredmedia":[{"embeddable":true,"href":"https:\/\/zjarr.tv\/sq\/wp-json\/wp\/v2\/media\/121473"}],"wp:attachment":[{"href":"https:\/\/zjarr.tv\/sq\/wp-json\/wp\/v2\/media?parent=121472"}],"wp:term":[{"taxonomy":"category","embeddable":true,"href":"https:\/\/zjarr.tv\/sq\/wp-json\/wp\/v2\/categories?post=121472"},{"taxonomy":"post_tag","embeddable":true,"href":"https:\/\/zjarr.tv\/sq\/wp-json\/wp\/v2\/tags?post=121472"}],"curies":[{"name":"wp","href":"https:\/\/api.w.org\/{rel}","templated":true}]}}