{"id":121482,"date":"2020-02-07T12:19:27","date_gmt":"2020-02-07T11:19:27","guid":{"rendered":"https:\/\/zjarr.tv\/?p=121482"},"modified":"2020-02-07T12:19:27","modified_gmt":"2020-02-07T11:19:27","slug":"pse-lleshi-flet-me-qime-ne-goje-nga-ylli-dylgjeri","status":"publish","type":"post","link":"https:\/\/zjarr.tv\/sq\/pse-lleshi-flet-me-qime-ne-goje-nga-ylli-dylgjeri\/","title":{"rendered":"Pse Lleshi flet &#8220;me qime n\u00eb goj\u00eb&#8221;? Nga Ylli Dylgjeri"},"content":{"rendered":"<p>Pse Lleshi flet &#8220;me qime n\u00eb goj\u00eb&#8221;?<\/p>\n<p>Po d\u00ebgjoj prej minutash sqarimet e Ministrit Lleshaj n\u00eb emisionin e Eni Vasilit ne Top8 p\u00ebrball\u00eb gazetareve. Po e ndjek me v\u00ebm\u00ebndjen q\u00eb i takon k\u00ebt\u00eb post publik q\u00eb ka marr\u00eb p\u00ebrsip\u00ebr t\u00eb p\u00ebrballet me median p\u00ebr nj\u00eb tem\u00eb sensitive t\u00eb rendit sot n\u00eb Shqip\u00ebri.<br \/>\nNga sa po d\u00ebgjoj, mund t\u00eb them se Ministri n\u00eb studio, nuk \u00ebsht\u00eb p\u00ebrgatitur p\u00ebr t\u00eb qen\u00eb i qart\u00eb, i thjesht\u00eb, i v\u00ebrtet\u00eb dhe profesional n\u00eb k\u00ebt\u00eb p\u00ebrballje me shtypin. Ose&#8230; zoti Lleshi po i\u00a0<span class=\"text_exposed_show\">vidhet p\u00ebrgjegj\u00ebsise &#8220;n\u00eb sqarimin&#8221; e Tij publik.<br \/>\nPse arsyetoj k\u00ebshtu?<br \/>\nN\u00eb Ligjin p\u00ebr Policin\u00eb e Shtetit thuhet n\u00eb m\u00ebnyr\u00eb taksative,<br \/>\ncitoj:<br \/>\n10. &#8220;Ministri&#8221; \u00ebsht\u00eb ministri p\u00ebrgjegjes p\u00ebr rendin dhe sigurin\u00eb publike.<br \/>\nKjo p\u00ebrgjegj\u00ebsi m\u00eb shtyn t\u00eb nd\u00ebrhyj p\u00ebr t\u00eb th\u00ebna disa te v\u00ebrteta q\u00eb i kam p\u00ebrjetuar n\u00eb pun\u00ebn time 4 vje\u00e7are n\u00eb MB si Sekretar i Pergjithsh\u00ebm. Nd\u00ebrhyrja q\u00eb b\u00ebj, nuk \u00ebsht\u00eb p\u00ebr arsye &#8220;se di m\u00eb shum\u00eb&#8221;, &#8220;p\u00ebr karshillek&#8221;, apo nga q\u00ebllimet opozitare. Jo! Esht\u00eb vet\u00ebm n\u00eb funksion t\u00eb ligjit, t\u00eb v\u00ebrtet\u00ebsis\u00eb, dhe t\u00eb transparenc\u00ebs me publikun.<br \/>\nE para, kam punuar n\u00eb MB me 5 Ministra t\u00eb Rendit, gj\u00eb e cila m\u00eb jep statusin t\u00eb gjykoj n\u00eb m\u00ebnyr\u00eb krahasimore dhe institucionale p\u00ebr problematikat e koh\u00ebs sot.<br \/>\nSe dyti, n\u00eb asnj\u00eb rast nuk mund t\u00eb pranoj se Ministri i Brendsh\u00ebm nuk \u00ebsht\u00eb i informuar n\u00eb detaje me aksionet, nd\u00ebrhyrjet apo goditjet q\u00eb Policia e Shtetit nd\u00ebrmer n\u00eb kuad\u00ebr t\u00eb Operacioneve t\u00eb saj madhore,<br \/>\nAi (Ministri), me ligj nuk mund t\u00eb nderhyj\u00eb n\u00eb operacionin e policis\u00eb, por merr informacionin nga DPP. K\u00ebt\u00eb t\u00eb drejt\u00eb ja jep ligji. Ashtu si edhe<br \/>\nMinistri i Brendsh\u00ebm n\u00eb kuptim t\u00eb Ligjit \u00ebsht\u00eb kryemenaxheri i institucionit q\u00eb drejton. P\u00ebr t\u00eb mos theksuar se Ministrat e Br\u00ebndsh\u00ebm, r\u00ebndom, sapo marrin at\u00eb post, i b\u00ebjn\u00eb me dije vart\u00ebsve, Drejtoreve t\u00eb Policise n\u00eb Qarqe se ka nj\u00eb telefon dhe vet\u00ebm nj\u00eb, q\u00eb \u00ebsht\u00eb veshi, syri dhe koka e Rendit.<br \/>\nS\u00e7 treti, heqja dore nga p\u00ebrgjigjet n\u00eb studio t\u00eb zotit Lleshi&#8221; se nuk di si \u00ebsht\u00eb veshur policija&#8221;, apo se \u00e7far\u00eb simboli policor mban n\u00eb uniform\u00eb, \u00ebsht\u00eb e pav\u00ebrtet\u00eb, \u00ebsht\u00eb shmangie, ose e fundit paaftesi p\u00ebr tu perballur me k\u00ebt\u00eb shqetsim t\u00eb medias.<br \/>\nN\u00eb ligjin p\u00ebr policin\u00eb e shtetit thuhet shprehimisht:<br \/>\nMinistri<br \/>\nC) k\u00ebrkon performance t\u00eb lart\u00eb t\u00eb Policise s\u00eb Shteti per realizimin e objektivave te p\u00ebrcaktuara.<br \/>\n\u00c7) I k\u00ebrkon Drejtorit t\u00eb Policis\u00eb s\u00eb Shtetit t\u00eb raportoje p\u00ebr ushtrimin e detyrave.<br \/>\nSe fundi, duke e mir\u00ebkuptuar zotin Lleshi edhe per kufizimet imponuese t\u00eb mosnjohjes, p\u00ebrgjigjet e shpeshta &#8220;se nuk e di&#8221;, &#8220;nuk mund<br \/>\nt\u00eb them&#8221;, apo monitorimi i eprorit, etj, mund t\u00eb konkludoj se Ministri i Brendsh\u00ebm, i skuqur, e n\u00eb v\u00ebshtir\u00ebsi, me &#8220;nj\u00eb qime bezdis\u00ebse n\u00eb goj\u00eb&#8221; mundi t\u00eb marr\u00eb nj\u00eb not\u00eb kaluese k\u00ebt\u00eb nate t\u00eb ftoht\u00eb dimri.<br \/>\nPublicitet&#8230;<\/span><\/p>\n<p>Nga Ylli Dylgjeri<\/p>\n","protected":false},"excerpt":{"rendered":"<p>Pse Lleshi flet &#8220;me qime n\u00eb goj\u00eb&#8221;? Po d\u00ebgjoj prej minutash sqarimet e Ministrit Lleshaj n\u00eb emisionin e Eni Vasilit ne Top8 p\u00ebrball\u00eb gazetareve. Po e ndjek me v\u00ebm\u00ebndjen q\u00eb i takon k\u00ebt\u00eb post publik q\u00eb ka marr\u00eb p\u00ebrsip\u00ebr t\u00eb p\u00ebrballet me median p\u00ebr nj\u00eb tem\u00eb sensitive t\u00eb rendit sot n\u00eb Shqip\u00ebri. Nga sa po [&hellip;]<\/p>\n","protected":false},"author":2013,"featured_media":118552,"comment_status":"open","ping_status":"closed","sticky":false,"template":"","format":"standard","meta":{"footnotes":""},"categories":[241,235],"tags":[],"class_list":{"0":"post-121482","1":"post","2":"type-post","3":"status-publish","4":"format-standard","5":"has-post-thumbnail","7":"category-aktualitet","8":"category-vendi"},"_links":{"self":[{"href":"https:\/\/zjarr.tv\/sq\/wp-json\/wp\/v2\/posts\/121482","targetHints":{"allow":["GET"]}}],"collection":[{"href":"https:\/\/zjarr.tv\/sq\/wp-json\/wp\/v2\/posts"}],"about":[{"href":"https:\/\/zjarr.tv\/sq\/wp-json\/wp\/v2\/types\/post"}],"author":[{"embeddable":true,"href":"https:\/\/zjarr.tv\/sq\/wp-json\/wp\/v2\/users\/2013"}],"replies":[{"embeddable":true,"href":"https:\/\/zjarr.tv\/sq\/wp-json\/wp\/v2\/comments?post=121482"}],"version-history":[{"count":0,"href":"https:\/\/zjarr.tv\/sq\/wp-json\/wp\/v2\/posts\/121482\/revisions"}],"wp:featuredmedia":[{"embeddable":true,"href":"https:\/\/zjarr.tv\/sq\/wp-json\/wp\/v2\/media\/118552"}],"wp:attachment":[{"href":"https:\/\/zjarr.tv\/sq\/wp-json\/wp\/v2\/media?parent=121482"}],"wp:term":[{"taxonomy":"category","embeddable":true,"href":"https:\/\/zjarr.tv\/sq\/wp-json\/wp\/v2\/categories?post=121482"},{"taxonomy":"post_tag","embeddable":true,"href":"https:\/\/zjarr.tv\/sq\/wp-json\/wp\/v2\/tags?post=121482"}],"curies":[{"name":"wp","href":"https:\/\/api.w.org\/{rel}","templated":true}]}}