{"id":121486,"date":"2020-02-07T12:24:50","date_gmt":"2020-02-07T11:24:50","guid":{"rendered":"https:\/\/zjarr.tv\/?p=121486"},"modified":"2020-02-07T12:24:50","modified_gmt":"2020-02-07T11:24:50","slug":"tabaku-korporata-e-investimeve-nje-mine-me-sahat-fsheh-borxhin-publik","status":"publish","type":"post","link":"https:\/\/zjarr.tv\/sq\/tabaku-korporata-e-investimeve-nje-mine-me-sahat-fsheh-borxhin-publik\/","title":{"rendered":"Tabaku: Korporata e investimeve nj\u00eb min\u00eb me sahat, fsheh borxhin publik"},"content":{"rendered":"<p>Ish-deputetja e PD Jorida Tabaku n\u00eb nj\u00eb deklarat\u00eb p\u00ebr mediat dit\u00ebn e sotme, ka reagur lidhur me raportin e Standard and Poors p\u00ebr gjendjen ekonomike dhe politikat fiskale n\u00eb Shqip\u00ebri. Ajo tha se raporti i fundit i S&amp;P q\u00eb qeveria refuzoi ta b\u00ebnte publik tregon situat\u00ebn e mjerueshme t\u00eb ekonomis\u00eb, si dhe borxhin e lart\u00eb, i nj\u00eb qeverie q\u00eb shpenzon p\u00ebr luksin e tepruar dhe oligark\u00ebt e oborrit por jo p\u00ebr shqiptar\u00ebt dhe nevojat e tyre.<\/p>\n<p><strong>Jorida Tabaku:\u00a0<\/strong><em>\u201c Viti 2019 u mbyll me nj\u00eb bilanc negativ p\u00ebr ekonomin\u00eb, ashtu si dhe 6 vitet e fundit. Konsumi n\u00eb nivlet m\u00eb t\u00eb ul\u00ebta n\u00eb vite, 49 % e shqiptar\u00ebve n\u00eb kushte varf\u00ebrie, t\u00eb ardhurat e mungurara rreth 116 milion\u00eb euro dhe nj\u00eb r\u00ebnie drastike e besimit n\u00eb ekonomi nga qytetar\u00ebt dhe bizneset.<\/em><\/p>\n<p><em>K\u00ebto tregues jan\u00eb dometh\u00ebn\u00ebs t\u00eb filozfis\u00eb Rama t\u00eb qeverisjes, taksa t\u00eb rritura me rreth 2 miliard\u00eb euro, fatur\u00eb stratosferike e PPP dhe borxhi publik i rritur n\u00eb nivelet e 83% duke p\u00ebrfshir\u00eb dhe koncesioent dhe PPP.<\/em><\/p>\n<p><em>K\u00ebt\u00eb situat\u00eb t\u00eb t\u00eb mjerueshme t\u00eb ekonomis\u00eb e reflektoi dhe raporti i fundit i S&amp;P q\u00eb qeveria refuzoi ta b\u00ebnte publik. Raporti \u00ebsht\u00eb nj\u00eb d\u00ebshmi q\u00eb tregon e bardh\u00eb mbi t\u00eb zez\u00eb se ekonomia informale \u00ebsht\u00eb e vetmja ekonomi n\u00eb Shqip\u00ebri. Se euroizimi i tregut vendas nuk vjen si pasoj\u00eb e tregtis\u00eb por si pasoj\u00eb e ekonomis\u00eb s\u00eb err\u00ebt dhe kanabizimit.&#8221;<\/em><\/p>\n<p>Tabaku deklaroi se Raporti i Standart and Poor\u2019s riv\u00ebrteton edhe nj\u00eb her\u00eb q\u00eb Shqip\u00ebria ka nj\u00eb rrezik q\u00eb vjen nga PPP-t\u00eb t\u00eb cilat po b\u00ebhen gjithnj\u00eb e m\u00eb t\u00eb pakontrollueshme dhe se Koorporata e Investimeve \u00ebsht\u00eb nj\u00eb rrezik p\u00ebr t\u00eb fshehur borxhin publik.<\/p>\n<p><strong>Jorida Tabaku:\u00a0<\/strong><em>\u2018\u2019Qeveria nuk ofron asnj\u00eb siguri se do t\u00eb respektoj\u00eb tavanin e p\u00ebrcaktuar p\u00ebr pages\u00ebn e PPP-ve si\u00e7 nuk ofron asnj\u00eb garanci p\u00ebr t\u00eb kontrolluar kontratat dhe eficenc\u00ebn e tyre.<\/em><\/p>\n<p><em>Ajo q\u00eb e rrezikon tanim\u00eb Shqip\u00ebri \u00ebsht\u00eb fshehja e borxhit p\u00ebrmes Koorporat\u00ebs s\u00eb Investimeve dhe struktur\u00ebn e dob\u00ebt t\u00eb borxhit. Koorporata e Investimeve \u00ebsht\u00eb nj\u00eb min\u00eb me sahat n\u00eb ekonomin\u00eb dhe buxhetin e nj\u00eb vendi n\u00eb zgrip t\u00eb varf\u00ebris\u00eb. Si\u00e7 \u00ebsht\u00eb paralajm\u00ebruar edhe nga opozita kjo Koorporat\u00eb nuk ka p\u00ebr q\u00ebllim mir\u00ebqenien e shqiptar\u00ebve por vet\u00ebm t\u00eb disa individ\u00ebve q\u00eb nuk prodhojn\u00eb dhe as ndihmojn\u00eb ekonomin\u00eb, por, q\u00eb vet\u00ebm centralizojn\u00eb pushtete dhe prona n\u00eb pak duar.&#8221;<\/em><\/p>\n<p>Sipas Tabakut ka vet\u00ebm nj\u00eb rrug\u00eb p\u00ebr t\u00eb dal\u00eb nga kllapia e rilindjes, n\u00ebp\u00ebrmjet zgjedhjeve t\u00eb parakohshme, politikave fiskale serioze n\u00eb periudh\u00ebn afatmesme dhe afatgjat\u00eb.<\/p>\n","protected":false},"excerpt":{"rendered":"<p>Ish-deputetja e PD Jorida Tabaku n\u00eb nj\u00eb deklarat\u00eb p\u00ebr mediat dit\u00ebn e sotme, ka reagur lidhur me raportin e Standard and Poors p\u00ebr gjendjen ekonomike dhe politikat fiskale n\u00eb Shqip\u00ebri. Ajo tha se raporti i fundit i S&amp;P q\u00eb qeveria refuzoi ta b\u00ebnte publik tregon situat\u00ebn e mjerueshme t\u00eb ekonomis\u00eb, si dhe borxhin e lart\u00eb, [&hellip;]<\/p>\n","protected":false},"author":2013,"featured_media":38615,"comment_status":"open","ping_status":"closed","sticky":false,"template":"","format":"standard","meta":{"footnotes":""},"categories":[241,235],"tags":[],"class_list":{"0":"post-121486","1":"post","2":"type-post","3":"status-publish","4":"format-standard","5":"has-post-thumbnail","7":"category-aktualitet","8":"category-vendi"},"_links":{"self":[{"href":"https:\/\/zjarr.tv\/sq\/wp-json\/wp\/v2\/posts\/121486","targetHints":{"allow":["GET"]}}],"collection":[{"href":"https:\/\/zjarr.tv\/sq\/wp-json\/wp\/v2\/posts"}],"about":[{"href":"https:\/\/zjarr.tv\/sq\/wp-json\/wp\/v2\/types\/post"}],"author":[{"embeddable":true,"href":"https:\/\/zjarr.tv\/sq\/wp-json\/wp\/v2\/users\/2013"}],"replies":[{"embeddable":true,"href":"https:\/\/zjarr.tv\/sq\/wp-json\/wp\/v2\/comments?post=121486"}],"version-history":[{"count":0,"href":"https:\/\/zjarr.tv\/sq\/wp-json\/wp\/v2\/posts\/121486\/revisions"}],"wp:featuredmedia":[{"embeddable":true,"href":"https:\/\/zjarr.tv\/sq\/wp-json\/wp\/v2\/media\/38615"}],"wp:attachment":[{"href":"https:\/\/zjarr.tv\/sq\/wp-json\/wp\/v2\/media?parent=121486"}],"wp:term":[{"taxonomy":"category","embeddable":true,"href":"https:\/\/zjarr.tv\/sq\/wp-json\/wp\/v2\/categories?post=121486"},{"taxonomy":"post_tag","embeddable":true,"href":"https:\/\/zjarr.tv\/sq\/wp-json\/wp\/v2\/tags?post=121486"}],"curies":[{"name":"wp","href":"https:\/\/api.w.org\/{rel}","templated":true}]}}