{"id":121488,"date":"2020-02-07T12:26:22","date_gmt":"2020-02-07T11:26:22","guid":{"rendered":"https:\/\/zjarr.tv\/?p=121488"},"modified":"2020-02-07T12:26:22","modified_gmt":"2020-02-07T11:26:22","slug":"bardhi-tjeter-prove-e-deshtimit-te-spak","status":"publish","type":"post","link":"https:\/\/zjarr.tv\/sq\/bardhi-tjeter-prove-e-deshtimit-te-spak\/","title":{"rendered":"Bardhi: Tjet\u00ebr prov\u00eb e d\u00ebshtimit t\u00eb SPAK"},"content":{"rendered":"<p>Sekretari i P\u00ebrgjithsh\u00ebm i Partis\u00eb Demokratike, Gazmend Bardhi, reagon pas vendimit t\u00eb Gjykat\u00ebs s\u00eb Posa\u00e7me p\u00ebr t\u00eb d\u00ebrguar n\u00eb Gjykat\u00ebn e Shkodr\u00ebs dosjen e grupit kriminal \u201cBajri\u201d. Bardhi e cil\u00ebson k\u00ebt\u00eb vendim si nj\u00eb tjet\u00ebr prov\u00eb t\u00eb d\u00ebshtimit t\u00eb SPAK, i cili sipas tij, u krijua p\u00ebr t\u00eb luftuar krimin e organizuar dhe korrupsionin, por po tregon se \u00ebsht\u00eb nj\u00eb shtojc\u00eb e qeveris\u00eb, n\u00eb mbrojtje t\u00eb zyrtar\u00ebve t\u00eb korruptuar dhe bandave kriminale.<\/p>\n<p><strong>Mesazhi i Bardhit:<\/strong><br \/>\nLufta ndaj krimit t\u00eb organizuar \u00ebsht\u00eb prioritet madhor komb\u00ebtar p\u00ebr integrimin europian. Ajo nuk b\u00ebhet as me propagand\u00eb dhe as me regji t\u00eb orkestruar nga nevoja e Edi Ram\u00ebs p\u00ebr t\u00eb mbuluar d\u00ebshtimin. Lufta ndaj krimit t\u00eb organizuar k\u00ebrkon vullnet politik dhe institucione t\u00eb p\u00ebrgjegjshme. SPAK u krijua me fokus t\u00eb ve\u00e7ant\u00eb luft\u00ebn ndaj krimit t\u00eb organizuar dhe korrupsionit, por rastet konkrete, po e faktojn\u00eb si nj\u00eb shtojc\u00eb t\u00eb Qeveris\u00eb n\u00eb mbrojtjen e zyrtar\u00ebve t\u00eb korruptuar dhe bandave kriminale.<br \/>\nPas refuzimit p\u00ebr t\u00eb hetuar dosjen e zgjedhjeve n\u00eb Dib\u00ebr, refuzimi p\u00ebr t\u00eb \u00e7uar para drejt\u00ebsis\u00eb organizat\u00ebn mafioze me lidhje shtet\u00ebrore t\u00eb Bajrave n\u00eb Shkod\u00ebr, \u00ebsht\u00eb nj\u00eb tjet\u00ebr prov\u00eb e d\u00ebshtimit t\u00eb SPAK. \u00c7do qytetar shkodran, por edhe partner\u00ebt nd\u00ebrkomb\u00ebtar\u00eb, e din\u00eb se Bajrat jan\u00eb nj\u00eb organizat\u00eb mafioze, p\u00ebrgjegj\u00ebse p\u00ebr disa krime t\u00eb r\u00ebnda t\u00eb kryera brenda dhe jasht\u00eb vendit. N\u00ebse SPAK nuk heton Bajrat dhe organizatat t\u00eb tilla kriminale, nuk heton vjedhjen e votave, nuk heton korrupsionin n\u00eb rritje t\u00eb Qeveris\u00eb, at\u00ebher\u00eb ekzistenca e k\u00ebtij institucioni b\u00ebhet e panevojshme!<\/p>\n","protected":false},"excerpt":{"rendered":"<p>Sekretari i P\u00ebrgjithsh\u00ebm i Partis\u00eb Demokratike, Gazmend Bardhi, reagon pas vendimit t\u00eb Gjykat\u00ebs s\u00eb Posa\u00e7me p\u00ebr t\u00eb d\u00ebrguar n\u00eb Gjykat\u00ebn e Shkodr\u00ebs dosjen e grupit kriminal \u201cBajri\u201d. Bardhi e cil\u00ebson k\u00ebt\u00eb vendim si nj\u00eb tjet\u00ebr prov\u00eb t\u00eb d\u00ebshtimit t\u00eb SPAK, i cili sipas tij, u krijua p\u00ebr t\u00eb luftuar krimin e organizuar dhe korrupsionin, por [&hellip;]<\/p>\n","protected":false},"author":2013,"featured_media":117507,"comment_status":"open","ping_status":"closed","sticky":false,"template":"","format":"standard","meta":{"footnotes":""},"categories":[241,235],"tags":[],"class_list":{"0":"post-121488","1":"post","2":"type-post","3":"status-publish","4":"format-standard","5":"has-post-thumbnail","7":"category-aktualitet","8":"category-vendi"},"_links":{"self":[{"href":"https:\/\/zjarr.tv\/sq\/wp-json\/wp\/v2\/posts\/121488","targetHints":{"allow":["GET"]}}],"collection":[{"href":"https:\/\/zjarr.tv\/sq\/wp-json\/wp\/v2\/posts"}],"about":[{"href":"https:\/\/zjarr.tv\/sq\/wp-json\/wp\/v2\/types\/post"}],"author":[{"embeddable":true,"href":"https:\/\/zjarr.tv\/sq\/wp-json\/wp\/v2\/users\/2013"}],"replies":[{"embeddable":true,"href":"https:\/\/zjarr.tv\/sq\/wp-json\/wp\/v2\/comments?post=121488"}],"version-history":[{"count":0,"href":"https:\/\/zjarr.tv\/sq\/wp-json\/wp\/v2\/posts\/121488\/revisions"}],"wp:featuredmedia":[{"embeddable":true,"href":"https:\/\/zjarr.tv\/sq\/wp-json\/wp\/v2\/media\/117507"}],"wp:attachment":[{"href":"https:\/\/zjarr.tv\/sq\/wp-json\/wp\/v2\/media?parent=121488"}],"wp:term":[{"taxonomy":"category","embeddable":true,"href":"https:\/\/zjarr.tv\/sq\/wp-json\/wp\/v2\/categories?post=121488"},{"taxonomy":"post_tag","embeddable":true,"href":"https:\/\/zjarr.tv\/sq\/wp-json\/wp\/v2\/tags?post=121488"}],"curies":[{"name":"wp","href":"https:\/\/api.w.org\/{rel}","templated":true}]}}