{"id":121490,"date":"2020-02-07T12:27:55","date_gmt":"2020-02-07T11:27:55","guid":{"rendered":"https:\/\/zjarr.tv\/?p=121490"},"modified":"2020-02-07T12:27:55","modified_gmt":"2020-02-07T11:27:55","slug":"zona-e-botanikut-dhe-zoologjikut-prej-shume-oresh-pa-drita","status":"publish","type":"post","link":"https:\/\/zjarr.tv\/sq\/zona-e-botanikut-dhe-zoologjikut-prej-shume-oresh-pa-drita\/","title":{"rendered":"Zona e Botanikut dhe Zoologjikut prej shum\u00eb or\u00ebsh pa drita"},"content":{"rendered":"<p>Situat\u00eb e r\u00ebnd\u00eb n\u00eb furnizimin me energji elektrike n\u00eb Tiran\u00eb. Shk\u00ebputje t\u00eb shumta t\u00eb enegjis\u00eb kan\u00eb ndodhur gjat\u00eb dit\u00ebs s\u00eb djeshme q\u00eb kan\u00eb vazhduar edhe sot. Prej m\u00eb shum\u00eb se 5 or\u00ebsh, zona e Kopshtit Zoologjik dhe atij Botanik n\u00eb kryeqytet po vuan munges\u00ebn e dritave.\u00a0 <ins><ins>Nuk dihet n\u00ebse nd\u00ebrprerja vjen si pasoj\u00eb e ndonj\u00eb remonti n\u00eb sistemin energjetik, nd\u00ebrsa OSHEE nuk ka dh\u00ebn\u00eb asnj\u00eb informacion p\u00ebr situat\u00ebn q\u00eb po kalojn\u00eb qytetar\u00ebt. Edhe gjat\u00eb dit\u00ebs s\u00eb djeshme e nj\u00ebjta zon\u00eb ka vuajtur p\u00ebr m\u00eb shum\u00eb se 3 or\u00eb nd\u00ebrprerjen e energjis\u00eb elektrike.<\/ins><\/ins><\/p>\n","protected":false},"excerpt":{"rendered":"<p>Situat\u00eb e r\u00ebnd\u00eb n\u00eb furnizimin me energji elektrike n\u00eb Tiran\u00eb. Shk\u00ebputje t\u00eb shumta t\u00eb enegjis\u00eb kan\u00eb ndodhur gjat\u00eb dit\u00ebs s\u00eb djeshme q\u00eb kan\u00eb vazhduar edhe sot. Prej m\u00eb shum\u00eb se 5 or\u00ebsh, zona e Kopshtit Zoologjik dhe atij Botanik n\u00eb kryeqytet po vuan munges\u00ebn e dritave.\u00a0 Nuk dihet n\u00ebse nd\u00ebrprerja vjen si pasoj\u00eb e ndonj\u00eb [&hellip;]<\/p>\n","protected":false},"author":2013,"featured_media":38161,"comment_status":"open","ping_status":"closed","sticky":false,"template":"","format":"standard","meta":{"footnotes":""},"categories":[241,235],"tags":[],"class_list":{"0":"post-121490","1":"post","2":"type-post","3":"status-publish","4":"format-standard","5":"has-post-thumbnail","7":"category-aktualitet","8":"category-vendi"},"_links":{"self":[{"href":"https:\/\/zjarr.tv\/sq\/wp-json\/wp\/v2\/posts\/121490","targetHints":{"allow":["GET"]}}],"collection":[{"href":"https:\/\/zjarr.tv\/sq\/wp-json\/wp\/v2\/posts"}],"about":[{"href":"https:\/\/zjarr.tv\/sq\/wp-json\/wp\/v2\/types\/post"}],"author":[{"embeddable":true,"href":"https:\/\/zjarr.tv\/sq\/wp-json\/wp\/v2\/users\/2013"}],"replies":[{"embeddable":true,"href":"https:\/\/zjarr.tv\/sq\/wp-json\/wp\/v2\/comments?post=121490"}],"version-history":[{"count":0,"href":"https:\/\/zjarr.tv\/sq\/wp-json\/wp\/v2\/posts\/121490\/revisions"}],"wp:featuredmedia":[{"embeddable":true,"href":"https:\/\/zjarr.tv\/sq\/wp-json\/wp\/v2\/media\/38161"}],"wp:attachment":[{"href":"https:\/\/zjarr.tv\/sq\/wp-json\/wp\/v2\/media?parent=121490"}],"wp:term":[{"taxonomy":"category","embeddable":true,"href":"https:\/\/zjarr.tv\/sq\/wp-json\/wp\/v2\/categories?post=121490"},{"taxonomy":"post_tag","embeddable":true,"href":"https:\/\/zjarr.tv\/sq\/wp-json\/wp\/v2\/tags?post=121490"}],"curies":[{"name":"wp","href":"https:\/\/api.w.org\/{rel}","templated":true}]}}