{"id":121503,"date":"2020-02-07T13:31:47","date_gmt":"2020-02-07T12:31:47","guid":{"rendered":"https:\/\/zjarr.tv\/?p=121503"},"modified":"2020-02-07T13:31:47","modified_gmt":"2020-02-07T12:31:47","slug":"pezullohen-nga-detyra-7-punonjes-policie","status":"publish","type":"post","link":"https:\/\/zjarr.tv\/sq\/pezullohen-nga-detyra-7-punonjes-policie\/","title":{"rendered":"Pezullohen nga detyra 7 punonj\u00ebs policie"},"content":{"rendered":"<p>Shtat\u00eb efektiv\u00eb policie me detyr\u00eb ndihm\u00ebs\/specialistit p\u00ebr Rendin, n\u00eb Komisariatin e Policis\u00eb Kruj\u00eb, n\u00eb DVP Durr\u00ebs jan\u00eb pezulluar nga detyra p\u00ebr akuz\u00ebn e &#8220;shp\u00ebrdorimit t\u00eb detyr\u00ebs&#8221; Pezullimi i tyre u b\u00eb n\u00eb kuad\u00ebr t\u00eb operacionit t\u00eb koduar \u201cAbuzuesit e detyr\u00ebs 2\u201d.<\/p>\n<p>&#8220;Ata dyshohet se duke keqp\u00ebrdorur atributet q\u00eb u jepte detyra dhe funksioni, n\u00eb bashk\u00ebpunim me nj\u00ebri-tjetrin dhe me shtetas t\u00eb tjer\u00eb, kan\u00eb konsumuar vepr\u00ebn penale t\u00eb \u201cShp\u00ebrdorimit t\u00eb detyr\u00ebs\u201d, informoi ministria e Brendshme.<\/p>\n<p>Fshehen dhe manipuluan ngjarjet<\/p>\n<p>&#8220;Shp\u00ebrdorimi i detyr\u00ebs dhe veprimtaria e kundraligjshme e k\u00ebtyre subjekteve \u00ebsht\u00eb shtrir\u00eb p\u00ebrgjat\u00eb vitit 2019 n\u00eb vende dhe koh\u00eb t\u00eb ndryshme, ku veprimet dhe mosveprimet e tyre konsistojn\u00eb n\u00eb favorizime t\u00eb kultivimit t\u00eb bim\u00ebve narkotike, nd\u00ebrtimeve pa leje, fshehje dhe manipulim t\u00eb ngjarjeve, pengimin e zbulimit t\u00eb s\u00eb v\u00ebrtet\u00ebs dhe fakteve kriminale, mos-raportime t\u00eb ngjarjeve kriminale, mos-evidentim t\u00eb kallzimeve t\u00eb shtetasve sipas detyrimeve ligjore, etj. Gjat\u00eb hetimeve u sekuestrua nj\u00eb sasi kanabisi dhe u asgj\u00ebsuan bim\u00eb narkotike&#8221; thuhet n\u00eb njoftimin e ministris\u00eb s\u00eb Brendshme.<\/p>\n<p>Pezullohen<\/p>\n<p>Gjykata e Kruj\u00ebs caktoi masat e sigurimit personal \u201cPezullim nga detyra\u201d dhe \u201cNdalim i daljes jasht\u00eb shtetit\u201d, p\u00ebr:<\/p>\n<p>&#8211; Xh.B., punonj\u00ebs i Patrull\u00ebs s\u00eb P\u00ebrgjithshme;<\/p>\n<p>&#8211; S.D., Ndihm\u00ebs\/specialist p\u00ebr Rendin;<\/p>\n<p>&#8211; M.C., Ndihm\u00ebs\/specialist p\u00ebr Rendin;<\/p>\n<p>&#8211; N.S., Ndihm\u00ebs\/specialist p\u00ebr Rendin;<\/p>\n<p>&#8211; K.D., Ndihm\u00ebs\/specialist p\u00ebr Rendin;<\/p>\n<p>&#8211; D.S., Ndihm\u00ebs\/specialist p\u00ebr Rendin;<\/p>\n<p>&#8211; F.B., punonj\u00ebs i Patrull\u00ebs s\u00eb P\u00ebrgjithshme.<\/p>\n<p>Hetimet e k\u00ebtij procedimi penal vazhdojn\u00eb deri n\u00eb dokumentimin e plot\u00eb t\u00eb veprimtaris\u00eb s\u00eb kundraligjshme t\u00eb k\u00ebtyre subjekteve dhe t\u00eb subjekteve t\u00eb tjer\u00eb, t\u00eb p\u00ebrfshir\u00eb n\u00eb k\u00ebt\u00eb veprimtari.<\/p>\n","protected":false},"excerpt":{"rendered":"<p>Shtat\u00eb efektiv\u00eb policie me detyr\u00eb ndihm\u00ebs\/specialistit p\u00ebr Rendin, n\u00eb Komisariatin e Policis\u00eb Kruj\u00eb, n\u00eb DVP Durr\u00ebs jan\u00eb pezulluar nga detyra p\u00ebr akuz\u00ebn e &#8220;shp\u00ebrdorimit t\u00eb detyr\u00ebs&#8221; Pezullimi i tyre u b\u00eb n\u00eb kuad\u00ebr t\u00eb operacionit t\u00eb koduar \u201cAbuzuesit e detyr\u00ebs 2\u201d. &#8220;Ata dyshohet se duke keqp\u00ebrdorur atributet q\u00eb u jepte detyra dhe funksioni, n\u00eb bashk\u00ebpunim [&hellip;]<\/p>\n","protected":false},"author":2013,"featured_media":121504,"comment_status":"open","ping_status":"closed","sticky":false,"template":"","format":"standard","meta":{"footnotes":""},"categories":[241,235],"tags":[],"class_list":{"0":"post-121503","1":"post","2":"type-post","3":"status-publish","4":"format-standard","5":"has-post-thumbnail","7":"category-aktualitet","8":"category-vendi"},"_links":{"self":[{"href":"https:\/\/zjarr.tv\/sq\/wp-json\/wp\/v2\/posts\/121503","targetHints":{"allow":["GET"]}}],"collection":[{"href":"https:\/\/zjarr.tv\/sq\/wp-json\/wp\/v2\/posts"}],"about":[{"href":"https:\/\/zjarr.tv\/sq\/wp-json\/wp\/v2\/types\/post"}],"author":[{"embeddable":true,"href":"https:\/\/zjarr.tv\/sq\/wp-json\/wp\/v2\/users\/2013"}],"replies":[{"embeddable":true,"href":"https:\/\/zjarr.tv\/sq\/wp-json\/wp\/v2\/comments?post=121503"}],"version-history":[{"count":0,"href":"https:\/\/zjarr.tv\/sq\/wp-json\/wp\/v2\/posts\/121503\/revisions"}],"wp:featuredmedia":[{"embeddable":true,"href":"https:\/\/zjarr.tv\/sq\/wp-json\/wp\/v2\/media\/121504"}],"wp:attachment":[{"href":"https:\/\/zjarr.tv\/sq\/wp-json\/wp\/v2\/media?parent=121503"}],"wp:term":[{"taxonomy":"category","embeddable":true,"href":"https:\/\/zjarr.tv\/sq\/wp-json\/wp\/v2\/categories?post=121503"},{"taxonomy":"post_tag","embeddable":true,"href":"https:\/\/zjarr.tv\/sq\/wp-json\/wp\/v2\/tags?post=121503"}],"curies":[{"name":"wp","href":"https:\/\/api.w.org\/{rel}","templated":true}]}}