{"id":121519,"date":"2020-02-07T14:22:36","date_gmt":"2020-02-07T13:22:36","guid":{"rendered":"https:\/\/zjarr.tv\/?p=121519"},"modified":"2020-02-07T14:22:36","modified_gmt":"2020-02-07T13:22:36","slug":"intervista-e-rita-ores-per-median-nderkombetare-nuk-do-harroj-kurre-prej-nga-vij","status":"publish","type":"post","link":"https:\/\/zjarr.tv\/sq\/intervista-e-rita-ores-per-median-nderkombetare-nuk-do-harroj-kurre-prej-nga-vij\/","title":{"rendered":"Intervista e Rita Or\u00ebs p\u00ebr median nd\u00ebrkomb\u00ebtare. \u201cNuk do harroj kurr\u00eb prej nga vij\u201d"},"content":{"rendered":"<p>K\u00ebng\u00ebtarja me origjin\u00eb shqiptare Rita Ora s\u00eb fundmi ka dh\u00ebn\u00eb nj\u00eb intervist\u00eb p\u00ebr p\u00ebr median e njohur amerikano-jugore, \u201cSHOCK\u201d.<\/p>\n<p>Kjo gazet\u00eb n\u00eb hyrje i ka kushtuar nj\u00eb shkrim historis\u00eb s\u00eb Kosov\u00ebs.<\/p>\n<p><em>\u201c<\/em><em>Kur Rita ishte f\u00ebmij\u00eb, n\u00eb vitin 1991, familja e saj la Kosov\u00ebn e saj t\u00eb lindjes n\u00eb kuad\u00ebr t\u00eb Luft\u00ebs Ballkanike. N\u00eb at\u00eb koh\u00eb, Kosova ishte subjekt i autoritetit serb. N\u00eb 1998, shp\u00ebrtheu konflikti midis forcave serbe dhe gueril\u00ebve t\u00eb pavar\u00ebsis\u00eb Albanokosovar. Pas nj\u00eb lufte q\u00eb la m\u00eb shum\u00eb se 13,000 t\u00eb vdekur, vendi arriti pavar\u00ebsin\u00eb n\u00eb vitin 2008. Me nj\u00eb popullsi prej 1.8 milion njer\u00ebz, Kosova ka PBB-n\u00eb m\u00eb t\u00eb ul\u00ebt p\u00ebr frym\u00eb n\u00eb Evrop\u00eb. Rita ishte e ftuar n\u00eb nj\u00eb koncert t\u00eb ve\u00e7ant\u00eb p\u00ebr dhjet\u00ebvjetorin e pavar\u00ebsis\u00eb s\u00eb Kosov\u00ebs n\u00eb vitin 2018. &#8220;P\u00ebr t\u00eb arritur k\u00ebtu duhej nj\u00eb udh\u00ebtim i gjat\u00eb&#8221;, u tha artistia mediave\u201d,<\/em>\u00a0shkruan media kolumbiane.<\/p>\n<p>Gjat\u00eb intervist\u00ebt Rita ka folur me krenari p\u00ebr vendlindjen e saj Kosov\u00ebn e cila shprehet se \u00ebsht\u00eb m\u00eb e vendosur se kurr\u00eb t\u00eb mb\u00ebshtes\u00eb vendin e saj me fushata t\u00eb shumta. M\u00eb tej ka shtuar se ajo frym\u00ebzimin m\u00eb t\u00eb madh e merr nga e \u00ebma e saj dhe tregon se ka nj\u00eb lidhje shum\u00eb t\u00eb ngusht\u00eb me familjen e saj.<\/p>\n<p>P\u00ebr m\u00eb tep\u00ebr ndiqni intervist\u00ebn e saj t\u00eb plot\u00eb nga gazeta \u201cSHOCK\u201d<\/p>\n<p><strong>E mbani mend se cili ishte albumi i par\u00eb q\u00eb keni bler\u00eb?<\/strong><\/p>\n<p>Oh, mendoj se do t\u00eb m\u00eb duhej ta pyesja n\u00ebn\u00ebn. M\u00eb p\u00eblqeu v\u00ebrtet R&amp;B dhe muzika pop. Un\u00eb mendoj se mund t\u00eb ket\u00eb qen\u00eb Spice Girls.<\/p>\n<p><strong>Phoenix \u00ebsht\u00eb prodhimi juaj m\u00eb i fundit. \u00c7far\u00eb thot\u00eb kjo p\u00ebr karrier\u00ebn tuaj?<\/strong><\/p>\n<p>Ndihej si fundi i nj\u00eb kapitulli dhe fillimi i nj\u00eb kapitulli t\u00eb ri dhe emocionues. Nj\u00eb nga ndjenjat m\u00eb \u00e7liruese p\u00ebr mua \u00ebsht\u00eb t\u00eb k\u00ebndosh dhe t\u00eb krijosh muzik\u00eb. Ky album ishte nj\u00eb pun\u00eb dashurie dhe ishte e r\u00ebnd\u00ebsishme ta b\u00ebja at\u00eb n\u00eb m\u00ebnyr\u00ebn time. Vler\u00ebsoj dashurin\u00eb dhe mb\u00ebshtetjen e atyre q\u00eb kan\u00eb punuar me mua n\u00eb album dhe m\u00eb lejuan t\u00eb krijoj di\u00e7ka q\u00eb m\u00eb b\u00ebn krenar. Ata m\u00eb dhan\u00eb hap\u00ebsir\u00eb dhe liri p\u00ebr t\u00eb krijuar di\u00e7ka nga zemra. Ndonj\u00ebher\u00eb ishte disi sfiduese dhe eufore. Jam krenar dhe mir\u00ebnjoh\u00ebs p\u00ebr udh\u00ebtimin q\u00eb m\u00eb mori k\u00ebt\u00eb album.<\/p>\n<p><strong>Me k\u00eb d\u00ebshiron t\u00eb b\u00ebsh nj\u00eb bashk\u00ebpunim?<\/strong><\/p>\n<p>Ka shum\u00eb p\u00ebr t\u00eb p\u00ebrmendur, shija ime \u00ebsht\u00eb shum\u00eb elektike. Do t\u00eb m\u00eb p\u00eblqente t\u00eb bashk\u00ebpunoja me Rosalia, mendoj se ajo po b\u00ebn di\u00e7ka t\u00eb mahnitshme dhe u dashurova me shfaqjen e saj n\u00eb Billboard A\u00ebards t\u00eb fundit. Do t\u00eb m\u00eb p\u00eblqente gjithashtu t\u00eb bashk\u00ebpunoja me G\u00eben Stefani, \u00ebsht\u00eb nj\u00eb tjet\u00ebr nga t\u00eb preferuarat e mia.<\/p>\n<p><strong>P\u00ebrve\u00e7 muzik\u00ebs, moda \u00ebsht\u00eb nj\u00eb nga pasionet tuaja t\u00eb shk\u00eblqyera. Si e nd\u00ebrtuat stilin tuaj?<\/strong><\/p>\n<p>Mesa mbaj mend, moda ka qen\u00eb nj\u00eb pjes\u00eb e r\u00ebnd\u00ebsishme e jet\u00ebs sime dhe mendoj se gjithmon\u00eb do t\u00eb jet\u00eb k\u00ebshtu. Duke u rritur un\u00eb nuk kam pasur qasje n\u00eb kaq shum\u00eb stilist\u00eb t\u00eb mahnitsh\u00ebm, k\u00ebshtu q\u00eb krijova pamjen time duke kombinuar pjes\u00eb t\u00eb reja me vintage, copa t\u00eb \u00e7uditshme t\u00eb stilist\u00ebve dhe disa luks. K\u00ebtu lindi dashuria p\u00ebr t\u00eb eksperimentuar me stilin tim. P\u00ebr mua, moda \u00ebsht\u00eb liri dhe nj\u00eb m\u00ebnyr\u00eb p\u00ebr t\u00eb shprehur veten. Nuk ka rregulla, q\u00eb m\u00eb duken shum\u00eb t\u00eb fuqishme.<\/p>\n<p><strong>Sa i r\u00ebnd\u00ebsish\u00ebm \u00ebsht\u00eb aktivizmi p\u00ebr vendin tuaj?<\/strong><\/p>\n<p>\u00cbsht\u00eb gj\u00ebja m\u00eb e r\u00ebnd\u00ebsishme p\u00ebr mua. Jam ndjer\u00eb m\u00eb shum\u00eb se e nderuar q\u00eb jam zgjedhur p\u00ebr t\u00eb p\u00ebrfaq\u00ebsuar UNICEF. N\u00eb udh\u00ebtimin tim t\u00eb fundit n\u00eb Kosov\u00eb pash\u00eb nga dora e par\u00eb pun\u00ebn e madhe q\u00eb UNICEF b\u00ebn n\u00eb vendin tim dhe un\u00eb jam m\u00eb e vendosur se kurr\u00eb q\u00eb t\u00eb p\u00ebrdor pozicionin tim p\u00ebr t\u00eb mb\u00ebshtetur fushatat n\u00eb vendin tim.<\/p>\n<p><strong>A keni ndonj\u00eb model n\u00eb jet\u00ebn tuaj?<\/strong><\/p>\n<p>N\u00ebna ime \u00ebsht\u00eb personi m\u00eb frym\u00ebzues dhe mahnit\u00ebs q\u00eb njoh. Familja ka qen\u00eb gjithmon\u00eb dhe do t\u00eb jet\u00eb gj\u00ebja m\u00eb e r\u00ebnd\u00ebsishme n\u00eb jet\u00ebn time. Ne kemi qen\u00eb gjithmon\u00eb af\u00ebr dhe mb\u00ebshtetemi shum\u00eb tek nj\u00ebri-tjetri.<\/p>\n<p><strong>Cila \u00ebsht\u00eb k\u00ebshillat m\u00eb t\u00eb mira q\u00eb keni marr\u00eb n\u00eb karrier\u00ebn tuaj?<\/strong><\/p>\n<p>Shum\u00eb njer\u00ebz me ndikim q\u00eb kam takuar gjat\u00eb rrug\u00ebs m\u00eb kan\u00eb dh\u00ebn\u00eb k\u00ebshilla t\u00eb vlefshme dhe secila prej tyre m\u00eb ka b\u00ebr\u00eb t\u00eb jem kjo q\u00eb jam tani. \u00cbsht\u00eb shum\u00eb e r\u00ebnd\u00ebsishme t\u00eb jeni vetvetja dhe t\u00eb p\u00ebrpiqeni t\u00eb arrini gjith\u00e7ka q\u00eb doni.<\/p>\n","protected":false},"excerpt":{"rendered":"<p>K\u00ebng\u00ebtarja me origjin\u00eb shqiptare Rita Ora s\u00eb fundmi ka dh\u00ebn\u00eb nj\u00eb intervist\u00eb p\u00ebr p\u00ebr median e njohur amerikano-jugore, \u201cSHOCK\u201d. Kjo gazet\u00eb n\u00eb hyrje i ka kushtuar nj\u00eb shkrim historis\u00eb s\u00eb Kosov\u00ebs. \u201cKur Rita ishte f\u00ebmij\u00eb, n\u00eb vitin 1991, familja e saj la Kosov\u00ebn e saj t\u00eb lindjes n\u00eb kuad\u00ebr t\u00eb Luft\u00ebs Ballkanike. N\u00eb at\u00eb koh\u00eb, [&hellip;]<\/p>\n","protected":false},"author":2013,"featured_media":108956,"comment_status":"open","ping_status":"closed","sticky":false,"template":"","format":"standard","meta":{"footnotes":""},"categories":[241,193],"tags":[],"class_list":{"0":"post-121519","1":"post","2":"type-post","3":"status-publish","4":"format-standard","5":"has-post-thumbnail","7":"category-aktualitet","8":"category-showbiz"},"_links":{"self":[{"href":"https:\/\/zjarr.tv\/sq\/wp-json\/wp\/v2\/posts\/121519","targetHints":{"allow":["GET"]}}],"collection":[{"href":"https:\/\/zjarr.tv\/sq\/wp-json\/wp\/v2\/posts"}],"about":[{"href":"https:\/\/zjarr.tv\/sq\/wp-json\/wp\/v2\/types\/post"}],"author":[{"embeddable":true,"href":"https:\/\/zjarr.tv\/sq\/wp-json\/wp\/v2\/users\/2013"}],"replies":[{"embeddable":true,"href":"https:\/\/zjarr.tv\/sq\/wp-json\/wp\/v2\/comments?post=121519"}],"version-history":[{"count":0,"href":"https:\/\/zjarr.tv\/sq\/wp-json\/wp\/v2\/posts\/121519\/revisions"}],"wp:featuredmedia":[{"embeddable":true,"href":"https:\/\/zjarr.tv\/sq\/wp-json\/wp\/v2\/media\/108956"}],"wp:attachment":[{"href":"https:\/\/zjarr.tv\/sq\/wp-json\/wp\/v2\/media?parent=121519"}],"wp:term":[{"taxonomy":"category","embeddable":true,"href":"https:\/\/zjarr.tv\/sq\/wp-json\/wp\/v2\/categories?post=121519"},{"taxonomy":"post_tag","embeddable":true,"href":"https:\/\/zjarr.tv\/sq\/wp-json\/wp\/v2\/tags?post=121519"}],"curies":[{"name":"wp","href":"https:\/\/api.w.org\/{rel}","templated":true}]}}