{"id":121521,"date":"2020-02-07T14:27:59","date_gmt":"2020-02-07T13:27:59","guid":{"rendered":"https:\/\/zjarr.tv\/?p=121521"},"modified":"2020-02-07T14:27:59","modified_gmt":"2020-02-07T13:27:59","slug":"manastirliu-ne-shqiperi-nuk-ka-asnje-rast-me-koronavirus","status":"publish","type":"post","link":"https:\/\/zjarr.tv\/sq\/manastirliu-ne-shqiperi-nuk-ka-asnje-rast-me-koronavirus\/","title":{"rendered":"Manastirliu: N\u00eb Shqip\u00ebri nuk ka asnj\u00eb rast me koronavirus"},"content":{"rendered":"<p>\u201cN\u00eb Shqip\u00ebri nuk ka asnj\u00eb rast t\u00eb koronavirusit t\u00eb ri dhe vendi yn\u00eb vijon t\u00eb mbetet vend me rrezikshm\u00ebri t\u00eb ul\u00ebt. Nga testimi i pes\u00eb rasteve t\u00eb dyshuara q\u00eb kan\u00eb patur nj\u00eb histori udh\u00ebtimi n\u00eb Kin\u00eb, analizat rezultuan negative\u201d.<\/p>\n<p>Task- Forca e strukturave sh\u00ebndet\u00ebsore dhe ekspert\u00ebve, e drejtuar nga Ministrja Ogerta Manastirliu, n\u00eb mbledhjen e tret\u00eb publike, ka raportuar p\u00ebr masat marra n\u00eb vijim p\u00ebr parandalimin dhe kontrollin e koronavirusit t\u00eb ri. Ministrja e Sh\u00ebndet\u00ebsis\u00eb dhe Mbrojtjes Sociale Ogerta Manasttirliu deklaroi se po vijohet forcimi i survejanc\u00ebs dhe masat paraprake p\u00ebr parandalimin e koronavirusit t\u00eb ri.<\/p>\n<p>\u201cShqip\u00ebria vijon t\u00eb mbetet me rrezikshm\u00ebri t\u00eb ul\u00ebt, megjithat\u00eb ne po vijojm\u00eb me masat paraprake dhe trajnimet kaskad\u00eb, ku deri tani jan\u00eb m\u00eb shum\u00eb se 200 mjek\u00eb dhe personel sh\u00ebndet\u00ebsor i trajnuar p\u00ebr menaxhimin e rasteve potenciale t\u00eb koronavirusit t\u00eb ri\u201d, tha Manastirliu.<\/p>\n<p>Gjat\u00eb raportimit t\u00eb masave t\u00eb marra, drejtuesja e departamentit t\u00eb epidemiologjis\u00eb n\u00eb ISHP, Silva Bino tha se \u00ebsht\u00eb mund\u00ebsuar diagnoza laboratorike dhe testimi p\u00ebr koronavirusin mund t\u00eb kryehet n\u00eb laboratorin e Virologjis\u00eb n\u00eb ISHP me nivel biosigurie dhe i \u00e7ertifikuar ngga OBSH, nd\u00ebrsa m\u00eb tej do t\u00eb specifikohet edhe diagnoza e koronavirusit t\u00eb ri.<\/p>\n<p>\u201c\u00cbsht\u00eb mund\u00ebsuar q\u00eb diagnoza laboratorike t\u00eb kryhet n\u00eb laboratorin e Virologjis\u00eb n\u00eb Institutin e Sh\u00ebndetit Publik dhe brenda jav\u00ebs s\u00eb dyt\u00eb t\u00eb muajit Shkurt 2020 do t\u00eb mund\u00ebsohet kryerja e diagnoz\u00ebs s\u00eb plot\u00eb t\u00eb koronavirusit t\u00eb ri human\u201d, tha Bino.<\/p>\n<p>Drejtuesja e Sh\u00ebrbimit Infektiv n\u00eb QSUT, Najada \u00c7omo, u shpreh se jan\u00eb menaxhuar me sukses pes\u00eb raste t\u00eb dyshuara q\u00eb kan\u00eb patur nj\u00eb histori udh\u00ebtimi n\u00eb Kin\u00eb, nga t\u00eb cilat dy kan\u00eb rezultuar grip dhe asnj\u00ebri nuk ka patur koronavirus.<\/p>\n<p>Gjat\u00eb k\u00ebsaj kohe ka nj\u00eb r\u00ebnie t\u00eb fluksit t\u00eb udh\u00ebtimeve me destinacion Kin\u00ebn. Megjithat\u00eb \u00e7do udh\u00ebtar q\u00eb vjen nga ky destinacion kontrollohet n\u00eb pikat kufitare. Gjat\u00eb k\u00ebsaj periudhe jan\u00eb kontrolluar nga strukturat sh\u00ebndet\u00ebsore n\u00eb pikat kufitare ajrore, detare dhe tok\u00ebsore 110 shtetas q\u00eb kan\u00eb udh\u00ebtuar n\u00eb Kin\u00eb dhe asnj\u00eb nga k\u00ebta udh\u00ebtar\u00eb nuk ka paraqitur shenja klinike t\u00eb koronavirusit t\u00eb ri n\u00eb momentin e vler\u00ebsimit n\u00eb nivel kufitar.<\/p>\n<p>N\u00eb vijim t\u00eb masave t\u00eb marra, n\u00eb Task Forc\u00eb u raportua se jan\u00eb marr\u00eb masat p\u00ebr sigurimin e logjistik\u00ebs dhe mjeteve t\u00eb nevojshme si dhe menaxhimit t\u00eb rastit, sipas protokolleve nd\u00ebrkomb\u00ebtare.<\/p>\n<p>Aktualisht jan\u00eb mbi 31 mij\u00eb raste me koronavirusin e ri, t\u00eb konfirmuara; 637 vdekje dhe jan\u00eb t\u00eb prekura 26 vende t\u00eb Bot\u00ebs.<\/p>\n","protected":false},"excerpt":{"rendered":"<p>\u201cN\u00eb Shqip\u00ebri nuk ka asnj\u00eb rast t\u00eb koronavirusit t\u00eb ri dhe vendi yn\u00eb vijon t\u00eb mbetet vend me rrezikshm\u00ebri t\u00eb ul\u00ebt. Nga testimi i pes\u00eb rasteve t\u00eb dyshuara q\u00eb kan\u00eb patur nj\u00eb histori udh\u00ebtimi n\u00eb Kin\u00eb, analizat rezultuan negative\u201d. Task- Forca e strukturave sh\u00ebndet\u00ebsore dhe ekspert\u00ebve, e drejtuar nga Ministrja Ogerta Manastirliu, n\u00eb mbledhjen e [&hellip;]<\/p>\n","protected":false},"author":2013,"featured_media":121522,"comment_status":"open","ping_status":"closed","sticky":false,"template":"","format":"standard","meta":{"footnotes":""},"categories":[241,235],"tags":[],"class_list":{"0":"post-121521","1":"post","2":"type-post","3":"status-publish","4":"format-standard","5":"has-post-thumbnail","7":"category-aktualitet","8":"category-vendi"},"_links":{"self":[{"href":"https:\/\/zjarr.tv\/sq\/wp-json\/wp\/v2\/posts\/121521","targetHints":{"allow":["GET"]}}],"collection":[{"href":"https:\/\/zjarr.tv\/sq\/wp-json\/wp\/v2\/posts"}],"about":[{"href":"https:\/\/zjarr.tv\/sq\/wp-json\/wp\/v2\/types\/post"}],"author":[{"embeddable":true,"href":"https:\/\/zjarr.tv\/sq\/wp-json\/wp\/v2\/users\/2013"}],"replies":[{"embeddable":true,"href":"https:\/\/zjarr.tv\/sq\/wp-json\/wp\/v2\/comments?post=121521"}],"version-history":[{"count":0,"href":"https:\/\/zjarr.tv\/sq\/wp-json\/wp\/v2\/posts\/121521\/revisions"}],"wp:featuredmedia":[{"embeddable":true,"href":"https:\/\/zjarr.tv\/sq\/wp-json\/wp\/v2\/media\/121522"}],"wp:attachment":[{"href":"https:\/\/zjarr.tv\/sq\/wp-json\/wp\/v2\/media?parent=121521"}],"wp:term":[{"taxonomy":"category","embeddable":true,"href":"https:\/\/zjarr.tv\/sq\/wp-json\/wp\/v2\/categories?post=121521"},{"taxonomy":"post_tag","embeddable":true,"href":"https:\/\/zjarr.tv\/sq\/wp-json\/wp\/v2\/tags?post=121521"}],"curies":[{"name":"wp","href":"https:\/\/api.w.org\/{rel}","templated":true}]}}