{"id":121527,"date":"2020-02-07T14:41:04","date_gmt":"2020-02-07T13:41:04","guid":{"rendered":"https:\/\/zjarr.tv\/?p=121527"},"modified":"2020-02-07T14:41:04","modified_gmt":"2020-02-07T13:41:04","slug":"aksident-ne-memaliaj-2-persona-humbin-jeten","status":"publish","type":"post","link":"https:\/\/zjarr.tv\/sq\/aksident-ne-memaliaj-2-persona-humbin-jeten\/","title":{"rendered":"Aksident n\u00eb Memaliaj, 2 persona humbin jet\u00ebn"},"content":{"rendered":"<p>Dy persona raportohet se kan\u00eb humbur jet\u00ebn si pasoj\u00eb e nj\u00eb aksidenti t\u00eb r\u00ebnd\u00eb. Ngjarja ka ndodhur n\u00eb aksin Memaliaj-Krahes, n\u00eb vendin e quajtur Mogila. N\u00eb vendin e ngjarjes ka shkuar ambulanca, nd\u00ebrsa nuk dihen ende rrethanat e aksidentit. Policia dhe grupi hetimor po punojn\u00eb p\u00ebr zbardhjen e rrethanave t\u00eb aksidentit q\u00eb i mori jet\u00ebn dy personave.<\/p>\n","protected":false},"excerpt":{"rendered":"<p>Dy persona raportohet se kan\u00eb humbur jet\u00ebn si pasoj\u00eb e nj\u00eb aksidenti t\u00eb r\u00ebnd\u00eb. Ngjarja ka ndodhur n\u00eb aksin Memaliaj-Krahes, n\u00eb vendin e quajtur Mogila. N\u00eb vendin e ngjarjes ka shkuar ambulanca, nd\u00ebrsa nuk dihen ende rrethanat e aksidentit. Policia dhe grupi hetimor po punojn\u00eb p\u00ebr zbardhjen e rrethanave t\u00eb aksidentit q\u00eb i mori jet\u00ebn [&hellip;]<\/p>\n","protected":false},"author":2013,"featured_media":38161,"comment_status":"open","ping_status":"closed","sticky":false,"template":"","format":"standard","meta":{"footnotes":""},"categories":[241,235],"tags":[],"class_list":{"0":"post-121527","1":"post","2":"type-post","3":"status-publish","4":"format-standard","5":"has-post-thumbnail","7":"category-aktualitet","8":"category-vendi"},"_links":{"self":[{"href":"https:\/\/zjarr.tv\/sq\/wp-json\/wp\/v2\/posts\/121527","targetHints":{"allow":["GET"]}}],"collection":[{"href":"https:\/\/zjarr.tv\/sq\/wp-json\/wp\/v2\/posts"}],"about":[{"href":"https:\/\/zjarr.tv\/sq\/wp-json\/wp\/v2\/types\/post"}],"author":[{"embeddable":true,"href":"https:\/\/zjarr.tv\/sq\/wp-json\/wp\/v2\/users\/2013"}],"replies":[{"embeddable":true,"href":"https:\/\/zjarr.tv\/sq\/wp-json\/wp\/v2\/comments?post=121527"}],"version-history":[{"count":0,"href":"https:\/\/zjarr.tv\/sq\/wp-json\/wp\/v2\/posts\/121527\/revisions"}],"wp:featuredmedia":[{"embeddable":true,"href":"https:\/\/zjarr.tv\/sq\/wp-json\/wp\/v2\/media\/38161"}],"wp:attachment":[{"href":"https:\/\/zjarr.tv\/sq\/wp-json\/wp\/v2\/media?parent=121527"}],"wp:term":[{"taxonomy":"category","embeddable":true,"href":"https:\/\/zjarr.tv\/sq\/wp-json\/wp\/v2\/categories?post=121527"},{"taxonomy":"post_tag","embeddable":true,"href":"https:\/\/zjarr.tv\/sq\/wp-json\/wp\/v2\/tags?post=121527"}],"curies":[{"name":"wp","href":"https:\/\/api.w.org\/{rel}","templated":true}]}}