{"id":121550,"date":"2020-02-08T11:39:12","date_gmt":"2020-02-08T10:39:12","guid":{"rendered":"https:\/\/zjarr.tv\/?p=121550"},"modified":"2020-02-08T11:39:12","modified_gmt":"2020-02-08T10:39:12","slug":"ne-skanerin-e-ofl-se-kush-jane-3-te-fortet-qe-iu-sekuestrohen-makinat-e-blinduara","status":"publish","type":"post","link":"https:\/\/zjarr.tv\/sq\/ne-skanerin-e-ofl-se-kush-jane-3-te-fortet-qe-iu-sekuestrohen-makinat-e-blinduara\/","title":{"rendered":"N\u00eb \u2018skanerin\u2019 e OFL-s\u00eb, kush jan\u00eb 3 t\u00eb \u2018fort\u00ebt\u2019 q\u00eb iu sekuestrohen makinat e blinduara"},"content":{"rendered":"<p>Teksa jan\u00eb vendosur n\u00eb \u2018skanerin\u2019 e Operacionit t\u00eb Forc\u00ebs s\u00eb Ligjit p\u00ebr hetimin e pasurive t\u00eb tyre, 3 t\u00eb \u2018fort\u00ebve\u2019, personazhe t\u00eb njohura t\u00eb bot\u00ebs s\u00eb krimit, iu jan\u00eb sekuestruar makinat e blinduara. M\u00ebsohet se b\u00ebhet fjal\u00eb p\u00ebr automjetet e shtetasve Saimir Taullaut, Dashamir Gjoka dhe Durim Bami, pasi ataishin pa leje t\u00eb posa\u00e7me.Burime zyrtare nga policia b\u00ebn\u00eb me dije se n\u00eb vijim t\u00eb Operacionit Forca e Ligjit, n\u00eb zbatim t\u00eb ligjit special p\u00ebr masat pasurore ndaj individ\u00ebve t\u00eb d\u00ebnuar apo akuzuar p\u00ebr krim t\u00eb organizuar, Drejtori i P\u00ebrgjithsh\u00ebm i Policis\u00eb s\u00eb Shtetit, Ardi Veliu n\u00eb baz\u00eb t\u00eb nenit 19 t\u00eb Aktit Normativ nr. 1, dat\u00eb 31.01.2020, nxori urdhrat e sekuestrimit n\u00eb kushtet e emergjenc\u00ebs p\u00ebr disa automjete t\u00eb blinduara, t\u00eb cilat u sekuestruan gjat\u00eb operacionit. Kujtojme se Saimir Taullaut, banues n\u00eb Lushnj\u00eb, eshte i d\u00ebnuar p\u00ebr vepr\u00ebn penale \u201cProdhimi dhe shitja e narkotik\u00ebve\u201d;<\/p>\n<p>Dashamir Gjoka, banues n\u00eb Durr\u00ebs, i d\u00ebnuar n\u00eb Itali p\u00ebr trafik t\u00eb qenieve njer\u00ebzore;<\/p>\n<p>Durim Bamit, banues n\u00eb Kruj\u00eb, i d\u00ebnuar p\u00ebr vepr\u00ebn penale \u201cVjedhja me arm\u00eb\u201d.<\/p>\n<p>Operacioni vijon dhe OFL do t\u00eb informoj\u00eb publikun n\u00eb vijim\u00ebsi p\u00ebr t\u00eb gjitha nismat procedurale dhe operacionet ekzekutive q\u00eb do t\u00eb kryej\u00eb.<\/p>\n","protected":false},"excerpt":{"rendered":"<p>Teksa jan\u00eb vendosur n\u00eb \u2018skanerin\u2019 e Operacionit t\u00eb Forc\u00ebs s\u00eb Ligjit p\u00ebr hetimin e pasurive t\u00eb tyre, 3 t\u00eb \u2018fort\u00ebve\u2019, personazhe t\u00eb njohura t\u00eb bot\u00ebs s\u00eb krimit, iu jan\u00eb sekuestruar makinat e blinduara. M\u00ebsohet se b\u00ebhet fjal\u00eb p\u00ebr automjetet e shtetasve Saimir Taullaut, Dashamir Gjoka dhe Durim Bami, pasi ataishin pa leje t\u00eb posa\u00e7me.Burime zyrtare [&hellip;]<\/p>\n","protected":false},"author":2013,"featured_media":121551,"comment_status":"open","ping_status":"closed","sticky":false,"template":"","format":"standard","meta":{"footnotes":""},"categories":[241,235],"tags":[],"class_list":{"0":"post-121550","1":"post","2":"type-post","3":"status-publish","4":"format-standard","5":"has-post-thumbnail","7":"category-aktualitet","8":"category-vendi"},"_links":{"self":[{"href":"https:\/\/zjarr.tv\/sq\/wp-json\/wp\/v2\/posts\/121550","targetHints":{"allow":["GET"]}}],"collection":[{"href":"https:\/\/zjarr.tv\/sq\/wp-json\/wp\/v2\/posts"}],"about":[{"href":"https:\/\/zjarr.tv\/sq\/wp-json\/wp\/v2\/types\/post"}],"author":[{"embeddable":true,"href":"https:\/\/zjarr.tv\/sq\/wp-json\/wp\/v2\/users\/2013"}],"replies":[{"embeddable":true,"href":"https:\/\/zjarr.tv\/sq\/wp-json\/wp\/v2\/comments?post=121550"}],"version-history":[{"count":0,"href":"https:\/\/zjarr.tv\/sq\/wp-json\/wp\/v2\/posts\/121550\/revisions"}],"wp:featuredmedia":[{"embeddable":true,"href":"https:\/\/zjarr.tv\/sq\/wp-json\/wp\/v2\/media\/121551"}],"wp:attachment":[{"href":"https:\/\/zjarr.tv\/sq\/wp-json\/wp\/v2\/media?parent=121550"}],"wp:term":[{"taxonomy":"category","embeddable":true,"href":"https:\/\/zjarr.tv\/sq\/wp-json\/wp\/v2\/categories?post=121550"},{"taxonomy":"post_tag","embeddable":true,"href":"https:\/\/zjarr.tv\/sq\/wp-json\/wp\/v2\/tags?post=121550"}],"curies":[{"name":"wp","href":"https:\/\/api.w.org\/{rel}","templated":true}]}}