{"id":121572,"date":"2020-02-08T14:45:13","date_gmt":"2020-02-08T13:45:13","guid":{"rendered":"https:\/\/zjarr.tv\/?p=121572"},"modified":"2020-02-08T14:45:13","modified_gmt":"2020-02-08T13:45:13","slug":"mediu-organizator-i-takimit-per-evropen-juglindore-ne-shba-me-te-derguarit-speciale","status":"publish","type":"post","link":"https:\/\/zjarr.tv\/sq\/mediu-organizator-i-takimit-per-evropen-juglindore-ne-shba-me-te-derguarit-speciale\/","title":{"rendered":"Mediu, organizator i takimit p\u00ebr Evrop\u00ebn juglindore n\u00eb SHBA, me T\u00eb D\u00ebrguarit Special\u00eb"},"content":{"rendered":"<p>Kryetari i Partis\u00eb Republikane, Fatmir Mediu, s\u00eb bashku me kongresmenin Robert Aderholt organizuan takimin p\u00ebr Europ\u00ebn Juglindore mbas M\u00ebngjesit t\u00eb Lutjeve. N\u00eb k\u00ebt\u00eb takim merrte pjes\u00eb I Ngarkuari Special p\u00ebr Ballkanin Per\u00ebndimor n\u00eb Departamentin e Shtetit; Sam Bro\u00ebnback, I Ngarkuari i Sekretarit Pompeo p\u00ebr lirin\u00eb fetare; kongresmeni Aderholt, p\u00ebrfaq\u00ebsues t\u00eb Bundenstagut gjerman nga CDU dhe SPD si dhe p\u00ebrfaq\u00ebsues nga t\u00eb gjith\u00eb vendet e Evrop\u00ebs juglindore.<\/p>\n<p>Shqip\u00ebria p\u00ebrve\u00e7 z.Mediu q\u00eb ishte organizuesi dhe drejtuesi i k\u00ebtij takimi, p\u00ebrfaq\u00ebsohej nga Presidenti Meta, ministri Majko, deputeti Gjiknuri dhe ish-deputeti Kosova.<\/p>\n<p>N\u00eb k\u00ebt\u00eb takim, z. Palmer vuri theksin n\u00eb nevoj\u00ebn e bashk\u00ebpunimit politik p\u00ebr t\u00eb garantuar nevojat e nevojshme p\u00ebr Integrimin Evropian dhe nd\u00ebrtimin e shtetit ligjor.<\/p>\n<p>T\u00eb gjith\u00eb diskutant\u00ebt shpreh\u00ebn mb\u00ebshtetjen e tyre p\u00ebr nd\u00ebrtimin e nj\u00eb fryme politike t\u00eb komunikimit e mir\u00ebkuptimit p\u00ebr t\u00eb garantuar nj\u00eb politik\u00eb, e cila bazohet n\u00eb vlerat e besimit n\u00eb Zot dhe respektin p\u00ebr njer\u00ebzit.<\/p>\n<p>Zoti Meta dhe Bro\u00ebnback theksuan suksesin dhe r\u00ebnd\u00ebsin\u00eb e konferenc\u00ebs s\u00eb organizuar disa muaj m\u00eb par\u00eb nga Presidenti me mb\u00ebshtetjen e Departamentit t\u00eb Shtetit, nj\u00eb praktik\u00eb e cila duhet t\u00eb zhvillohet dhe n\u00eb vende t\u00eb tjera t\u00eb Ballkanit.<\/p>\n","protected":false},"excerpt":{"rendered":"<p>Kryetari i Partis\u00eb Republikane, Fatmir Mediu, s\u00eb bashku me kongresmenin Robert Aderholt organizuan takimin p\u00ebr Europ\u00ebn Juglindore mbas M\u00ebngjesit t\u00eb Lutjeve. N\u00eb k\u00ebt\u00eb takim merrte pjes\u00eb I Ngarkuari Special p\u00ebr Ballkanin Per\u00ebndimor n\u00eb Departamentin e Shtetit; Sam Bro\u00ebnback, I Ngarkuari i Sekretarit Pompeo p\u00ebr lirin\u00eb fetare; kongresmeni Aderholt, p\u00ebrfaq\u00ebsues t\u00eb Bundenstagut gjerman nga CDU dhe [&hellip;]<\/p>\n","protected":false},"author":2013,"featured_media":121573,"comment_status":"open","ping_status":"closed","sticky":false,"template":"","format":"standard","meta":{"footnotes":""},"categories":[241,235],"tags":[],"class_list":{"0":"post-121572","1":"post","2":"type-post","3":"status-publish","4":"format-standard","5":"has-post-thumbnail","7":"category-aktualitet","8":"category-vendi"},"_links":{"self":[{"href":"https:\/\/zjarr.tv\/sq\/wp-json\/wp\/v2\/posts\/121572","targetHints":{"allow":["GET"]}}],"collection":[{"href":"https:\/\/zjarr.tv\/sq\/wp-json\/wp\/v2\/posts"}],"about":[{"href":"https:\/\/zjarr.tv\/sq\/wp-json\/wp\/v2\/types\/post"}],"author":[{"embeddable":true,"href":"https:\/\/zjarr.tv\/sq\/wp-json\/wp\/v2\/users\/2013"}],"replies":[{"embeddable":true,"href":"https:\/\/zjarr.tv\/sq\/wp-json\/wp\/v2\/comments?post=121572"}],"version-history":[{"count":0,"href":"https:\/\/zjarr.tv\/sq\/wp-json\/wp\/v2\/posts\/121572\/revisions"}],"wp:featuredmedia":[{"embeddable":true,"href":"https:\/\/zjarr.tv\/sq\/wp-json\/wp\/v2\/media\/121573"}],"wp:attachment":[{"href":"https:\/\/zjarr.tv\/sq\/wp-json\/wp\/v2\/media?parent=121572"}],"wp:term":[{"taxonomy":"category","embeddable":true,"href":"https:\/\/zjarr.tv\/sq\/wp-json\/wp\/v2\/categories?post=121572"},{"taxonomy":"post_tag","embeddable":true,"href":"https:\/\/zjarr.tv\/sq\/wp-json\/wp\/v2\/tags?post=121572"}],"curies":[{"name":"wp","href":"https:\/\/api.w.org\/{rel}","templated":true}]}}