{"id":121581,"date":"2020-02-08T15:31:05","date_gmt":"2020-02-08T14:31:05","guid":{"rendered":"https:\/\/zjarr.tv\/?p=121581"},"modified":"2020-02-08T15:31:05","modified_gmt":"2020-02-08T14:31:05","slug":"i-iku-policise-ja-ku-fshihej-shqiptari","status":"publish","type":"post","link":"https:\/\/zjarr.tv\/sq\/i-iku-policise-ja-ku-fshihej-shqiptari\/","title":{"rendered":"I iku policis\u00eb, ja ku fshihej shqiptari"},"content":{"rendered":"<p>Pas shum\u00eb koh\u00ebsh n\u00eb k\u00ebrkim, pasi i kishte shp\u00ebtuar nj\u00eb operacioni policor p\u00ebr prangosjen e tij \u00ebsht\u00eb arrestuar nga policia e Foggias nj\u00eb shqiptar 51 vje\u00e7ar. Mediat ialiane shkruajn\u00eb se shqiptari i k\u00ebrkuar cil\u00ebsohet si nj\u00eb trafikant i rreziksh\u00ebm droge. Sipas mediave italiane, shqiptari ishte shpallur n\u00eb k\u00ebrkim nga autoritetet italiane q\u00eb nga janari i 2020. Ne ate koh\u00eb, kur u arrestuan 22 an\u00ebtar\u00eb t\u00eb nj\u00eb grupi kriminal italo-shqiptar\u00eb q\u00eb trafikonte drog\u00eb e arm\u00eb n\u00eb territorin e Puglias ai i shp\u00ebtoi operacionit t\u00eb antidrog\u00ebs.<\/p>\n<p>Pas k\u00ebrkimesh policia e lokalizoi at\u00eb n\u00eb nj\u00eb ferm\u00eb n\u00eb jug t\u00eb Foggias. Kur policia i shkoi af\u00ebr ai tentoi s\u00ebrish t\u00eb arratisej duke u fshehur n\u00eb \u00e7atin\u00eb e nd\u00ebrtes\u00ebs ku banonte i fshehur.Por, pas ndjekjes u arrestua. Mbi t\u00eb r\u00ebndojn\u00eb akuzat e trafikut t\u00eb marijuan\u00ebs, kokain\u00ebs, heroin\u00ebs e hashashit si dhe an\u00ebtar i nj\u00eb grupi kriminal me veprim n\u00eb Andria, Barletta, Foggia, Cerignola e pothuasje n\u00eb t\u00eb gjith\u00eb territorin verior n\u00eb provinc\u00ebn e Barit.<\/p>\n<p><iframe loading=\"lazy\" src=\"https:\/\/www.youtube.com\/embed\/4AOPixNrVi0\" width=\"560\" height=\"315\" frameborder=\"0\" allowfullscreen=\"allowfullscreen\" data-mce-fragment=\"1\"><\/iframe><\/p>\n","protected":false},"excerpt":{"rendered":"<p>Pas shum\u00eb koh\u00ebsh n\u00eb k\u00ebrkim, pasi i kishte shp\u00ebtuar nj\u00eb operacioni policor p\u00ebr prangosjen e tij \u00ebsht\u00eb arrestuar nga policia e Foggias nj\u00eb shqiptar 51 vje\u00e7ar. Mediat ialiane shkruajn\u00eb se shqiptari i k\u00ebrkuar cil\u00ebsohet si nj\u00eb trafikant i rreziksh\u00ebm droge. Sipas mediave italiane, shqiptari ishte shpallur n\u00eb k\u00ebrkim nga autoritetet italiane q\u00eb nga janari i [&hellip;]<\/p>\n","protected":false},"author":2013,"featured_media":38161,"comment_status":"open","ping_status":"closed","sticky":false,"template":"","format":"standard","meta":{"footnotes":""},"categories":[241,235],"tags":[],"class_list":{"0":"post-121581","1":"post","2":"type-post","3":"status-publish","4":"format-standard","5":"has-post-thumbnail","7":"category-aktualitet","8":"category-vendi"},"_links":{"self":[{"href":"https:\/\/zjarr.tv\/sq\/wp-json\/wp\/v2\/posts\/121581","targetHints":{"allow":["GET"]}}],"collection":[{"href":"https:\/\/zjarr.tv\/sq\/wp-json\/wp\/v2\/posts"}],"about":[{"href":"https:\/\/zjarr.tv\/sq\/wp-json\/wp\/v2\/types\/post"}],"author":[{"embeddable":true,"href":"https:\/\/zjarr.tv\/sq\/wp-json\/wp\/v2\/users\/2013"}],"replies":[{"embeddable":true,"href":"https:\/\/zjarr.tv\/sq\/wp-json\/wp\/v2\/comments?post=121581"}],"version-history":[{"count":0,"href":"https:\/\/zjarr.tv\/sq\/wp-json\/wp\/v2\/posts\/121581\/revisions"}],"wp:featuredmedia":[{"embeddable":true,"href":"https:\/\/zjarr.tv\/sq\/wp-json\/wp\/v2\/media\/38161"}],"wp:attachment":[{"href":"https:\/\/zjarr.tv\/sq\/wp-json\/wp\/v2\/media?parent=121581"}],"wp:term":[{"taxonomy":"category","embeddable":true,"href":"https:\/\/zjarr.tv\/sq\/wp-json\/wp\/v2\/categories?post=121581"},{"taxonomy":"post_tag","embeddable":true,"href":"https:\/\/zjarr.tv\/sq\/wp-json\/wp\/v2\/tags?post=121581"}],"curies":[{"name":"wp","href":"https:\/\/api.w.org\/{rel}","templated":true}]}}