{"id":121584,"date":"2020-02-08T15:33:20","date_gmt":"2020-02-08T14:33:20","guid":{"rendered":"https:\/\/zjarr.tv\/?p=121584"},"modified":"2020-02-08T15:33:20","modified_gmt":"2020-02-08T14:33:20","slug":"vranesira-dhe-kthjellime-ja-si-do-te-jete-moti-neser","status":"publish","type":"post","link":"https:\/\/zjarr.tv\/sq\/vranesira-dhe-kthjellime-ja-si-do-te-jete-moti-neser\/","title":{"rendered":"Vran\u00ebsira dhe kthjellime, ja si do t\u00eb jet\u00eb moti nes\u00ebr"},"content":{"rendered":"<p>Fundjava do t\u00eb sjell\u00eb rritje t\u00eb leht\u00eb temperaturash. Sipas MeteoAlb, territori shqiptar mbetet n\u00eb mbizot\u00ebrimin e kthjellimeve n\u00eb pjes\u00ebn m\u00eb t\u00eb madhe t\u00eb dit\u00ebs. Por gjat\u00eb pasdites pritet t\u00eb kemi shfaqje t\u00eb vran\u00ebsirave kalimtare n\u00eb vend, kryesisht m\u00eb t\u00eb dukshme do t\u00eb jen\u00eb n\u00eb zonat malore. Temperaturat e ajrit do t\u00eb vijojn\u00eb t\u00eb rriten n\u00eb m\u00ebngjes dhe n\u00eb mesdit\u00eb duke luhatur vlerat minimale dhe maksimale nga -7\u00b0C n\u00eb 12\u00b0C. Era do fryj\u00eb e leht\u00eb n\u00eb tok\u00eb dhe mesatare n\u00eb det me shpejt\u00ebsi 35 km\/h nga drejtimi verilindor duke krijuar n\u00eb det dallg\u00ebzimi 3 ball\u00eb.<\/p>\n","protected":false},"excerpt":{"rendered":"<p>Fundjava do t\u00eb sjell\u00eb rritje t\u00eb leht\u00eb temperaturash. Sipas MeteoAlb, territori shqiptar mbetet n\u00eb mbizot\u00ebrimin e kthjellimeve n\u00eb pjes\u00ebn m\u00eb t\u00eb madhe t\u00eb dit\u00ebs. Por gjat\u00eb pasdites pritet t\u00eb kemi shfaqje t\u00eb vran\u00ebsirave kalimtare n\u00eb vend, kryesisht m\u00eb t\u00eb dukshme do t\u00eb jen\u00eb n\u00eb zonat malore. Temperaturat e ajrit do t\u00eb vijojn\u00eb t\u00eb rriten n\u00eb [&hellip;]<\/p>\n","protected":false},"author":2013,"featured_media":0,"comment_status":"open","ping_status":"closed","sticky":false,"template":"","format":"standard","meta":{"footnotes":""},"categories":[241,235],"tags":[],"class_list":{"0":"post-121584","1":"post","2":"type-post","3":"status-publish","4":"format-standard","6":"category-aktualitet","7":"category-vendi"},"_links":{"self":[{"href":"https:\/\/zjarr.tv\/sq\/wp-json\/wp\/v2\/posts\/121584","targetHints":{"allow":["GET"]}}],"collection":[{"href":"https:\/\/zjarr.tv\/sq\/wp-json\/wp\/v2\/posts"}],"about":[{"href":"https:\/\/zjarr.tv\/sq\/wp-json\/wp\/v2\/types\/post"}],"author":[{"embeddable":true,"href":"https:\/\/zjarr.tv\/sq\/wp-json\/wp\/v2\/users\/2013"}],"replies":[{"embeddable":true,"href":"https:\/\/zjarr.tv\/sq\/wp-json\/wp\/v2\/comments?post=121584"}],"version-history":[{"count":0,"href":"https:\/\/zjarr.tv\/sq\/wp-json\/wp\/v2\/posts\/121584\/revisions"}],"wp:attachment":[{"href":"https:\/\/zjarr.tv\/sq\/wp-json\/wp\/v2\/media?parent=121584"}],"wp:term":[{"taxonomy":"category","embeddable":true,"href":"https:\/\/zjarr.tv\/sq\/wp-json\/wp\/v2\/categories?post=121584"},{"taxonomy":"post_tag","embeddable":true,"href":"https:\/\/zjarr.tv\/sq\/wp-json\/wp\/v2\/tags?post=121584"}],"curies":[{"name":"wp","href":"https:\/\/api.w.org\/{rel}","templated":true}]}}