{"id":121588,"date":"2020-02-08T15:34:58","date_gmt":"2020-02-08T14:34:58","guid":{"rendered":"https:\/\/zjarr.tv\/?p=121588"},"modified":"2020-02-08T15:34:58","modified_gmt":"2020-02-08T14:34:58","slug":"kurti-taksa-100-per-qind-ndaj-mallrave-serbe-hiqet-sapo-te-vendoset-reciprociteti","status":"publish","type":"post","link":"https:\/\/zjarr.tv\/sq\/kurti-taksa-100-per-qind-ndaj-mallrave-serbe-hiqet-sapo-te-vendoset-reciprociteti\/","title":{"rendered":"Kurti: Taksa 100 p\u00ebr qind ndaj mallrave serb\u00eb hiqet sapo t\u00eb vendoset reciprociteti"},"content":{"rendered":"<p>Kryeministri i Kosov\u00ebs, Albin Kurti, thot\u00eb se vendimi p\u00ebr taks\u00ebn 100% do t\u00eb z\u00ebv\u00ebnd\u00ebsohet me mas\u00ebn e reciprocitetit.<\/p>\n<p>Ai thot\u00eb se taksa do t\u00eb hiqet sapo t\u00eb vendoset masa e reciprocitetit me Serbin\u00eb.<\/p>\n<div id=\"rekl-13\">\n<div id=\"__sap-ad-15\" class=\"__sap-ads __sap-html tracked\" data-title=\"Credins desktop Brenda lajmit 08\">\u201cTarifa 100% ndaj mallrave t\u00eb Serbis\u00eb do t\u00eb z\u00ebvend\u00ebsohet me parimin e reciprocitetit. Tarifa 100% hiqet porsa t\u00eb vendoset reciprociteti. Shum\u00eb shpejt fillojm\u00eb t\u2019i p\u00ebrgatisim Doganat e Kosov\u00ebs p\u00ebr k\u00ebt\u00eb. Si Kryeminist\u00ebr i Republik\u00ebs s\u00eb Kosov\u00ebs e kam shprehur vullnetin q\u00eb ta heqim tarif\u00ebn 100%. Pres q\u00eb Serbia t\u00eb deklarohet se ka vullnet p\u00ebr ndaljen e fushat\u00ebs p\u00ebr \u00e7njohjet e pavar\u00ebsis\u00eb s\u00eb Kosov\u00ebs\u201d, ka shkruar Kurti.<\/div>\n<\/div>\n","protected":false},"excerpt":{"rendered":"<p>Kryeministri i Kosov\u00ebs, Albin Kurti, thot\u00eb se vendimi p\u00ebr taks\u00ebn 100% do t\u00eb z\u00ebv\u00ebnd\u00ebsohet me mas\u00ebn e reciprocitetit. Ai thot\u00eb se taksa do t\u00eb hiqet sapo t\u00eb vendoset masa e reciprocitetit me Serbin\u00eb. \u201cTarifa 100% ndaj mallrave t\u00eb Serbis\u00eb do t\u00eb z\u00ebvend\u00ebsohet me parimin e reciprocitetit. Tarifa 100% hiqet porsa t\u00eb vendoset reciprociteti. Shum\u00eb shpejt [&hellip;]<\/p>\n","protected":false},"author":2013,"featured_media":121494,"comment_status":"open","ping_status":"closed","sticky":false,"template":"","format":"standard","meta":{"footnotes":""},"categories":[241,2],"tags":[],"class_list":{"0":"post-121588","1":"post","2":"type-post","3":"status-publish","4":"format-standard","5":"has-post-thumbnail","7":"category-aktualitet","8":"category-rajoni"},"_links":{"self":[{"href":"https:\/\/zjarr.tv\/sq\/wp-json\/wp\/v2\/posts\/121588","targetHints":{"allow":["GET"]}}],"collection":[{"href":"https:\/\/zjarr.tv\/sq\/wp-json\/wp\/v2\/posts"}],"about":[{"href":"https:\/\/zjarr.tv\/sq\/wp-json\/wp\/v2\/types\/post"}],"author":[{"embeddable":true,"href":"https:\/\/zjarr.tv\/sq\/wp-json\/wp\/v2\/users\/2013"}],"replies":[{"embeddable":true,"href":"https:\/\/zjarr.tv\/sq\/wp-json\/wp\/v2\/comments?post=121588"}],"version-history":[{"count":0,"href":"https:\/\/zjarr.tv\/sq\/wp-json\/wp\/v2\/posts\/121588\/revisions"}],"wp:featuredmedia":[{"embeddable":true,"href":"https:\/\/zjarr.tv\/sq\/wp-json\/wp\/v2\/media\/121494"}],"wp:attachment":[{"href":"https:\/\/zjarr.tv\/sq\/wp-json\/wp\/v2\/media?parent=121588"}],"wp:term":[{"taxonomy":"category","embeddable":true,"href":"https:\/\/zjarr.tv\/sq\/wp-json\/wp\/v2\/categories?post=121588"},{"taxonomy":"post_tag","embeddable":true,"href":"https:\/\/zjarr.tv\/sq\/wp-json\/wp\/v2\/tags?post=121588"}],"curies":[{"name":"wp","href":"https:\/\/api.w.org\/{rel}","templated":true}]}}