{"id":121594,"date":"2020-02-09T11:50:43","date_gmt":"2020-02-09T10:50:43","guid":{"rendered":"https:\/\/zjarr.tv\/?p=121594"},"modified":"2020-02-09T11:50:43","modified_gmt":"2020-02-09T10:50:43","slug":"venecia-ne-tirane-per-anti-shpifjen-takime-me-rucin-meten-ballen-dhe-opoziten","status":"publish","type":"post","link":"https:\/\/zjarr.tv\/sq\/venecia-ne-tirane-per-anti-shpifjen-takime-me-rucin-meten-ballen-dhe-opoziten\/","title":{"rendered":"Venecia n\u00eb Tiran\u00eb p\u00ebr anti-shpifjen: Takime me Ru\u00e7in, Met\u00ebn, Ball\u00ebn dhe opozit\u00ebn"},"content":{"rendered":"<p>Mb\u00ebrrin sot n\u00eb Tiran\u00eb Delegacioni i Komisionit t\u00eb Venecias.<\/p>\n<p>Pritet q\u00eb ata t\u00eb japin opinionin e tyre p\u00ebr \u00e7\u00ebshtjet e deleguara t\u00eb cilat jan\u00eb k\u00ebrkesa e Met\u00ebs p\u00ebr Kushtetuesen dhe rishikimi i paket\u00ebs anti-shpifje. N\u00eb axhend\u00ebn e tyre p\u00ebrfshihen takimet me disa nga autoritetet e larta shtet\u00ebrore.<\/p>\n<p>T\u00eb h\u00ebn\u00ebn socialist\u00ebt do t\u00eb duhet t\u00eb mbrojn\u00eb paket\u00ebn antishpifje para Komisionit t\u00eb Venecias n\u00eb Tiran\u00eb, nd\u00ebrsa Presidenti do t\u00eb jap\u00eb argumenta se pse vendosi ta rr\u00ebzonte ligjin p\u00ebr mediat audiovizive. Delegacioni n\u00eb vizit\u00ebn dy ditore do t\u00eb d\u00ebgjoj\u00eb edhe opozit\u00ebn p\u00ebr t\u00eb nd\u00ebrtuar nj\u00eb opinion paraprak, nd\u00ebrsa verdiktin final do ta jap\u00eb n\u00eb seancen e 20 marsit, bashk\u00eb me \u00e7eshtjen p\u00ebr Gjykat\u00ebn kushtetuese.<\/p>\n<p>Pavar\u00ebsisht se mazhoranca e kishte vendosur q\u00eb n\u00eb fillim t\u00eb 2020 t\u00eb rr\u00ebzonte dekretet e Presidentit Meta p\u00ebr paket\u00ebn antishpifje, nj\u00eb k\u00ebrkes\u00eb e K\u00ebshillit t\u00eb Europ\u00ebs n\u00eb Venecia i prishi skenarin socialist\u00ebve. P\u00ebr k\u00ebt\u00eb arsye, Komisioni I Venecias do t\u00eb diskutoj\u00eb t\u00eb h\u00ebn\u00ebn ball\u00eb p\u00ebr ball\u00eb me palet politike ligjin p\u00ebr ligjin p\u00ebr mediat audiovizive. Vizita e tyre dy ditore nis me kryetarin e Kuvendit Gramoz Ru\u00e7i, m\u00eb pas me kryetarin e grupit parlamentar socialist, t\u00eb cil\u00ebt do t\u00eb mbrojn\u00eb ligjin para zyrtar\u00ebve t\u00eb Venecias.<\/p>\n<p>Paketa antishpifje \u00ebsht\u00eb kund\u00ebrshtuar nga gazetar\u00ebt dhe nga nd\u00ebrkomb\u00ebtar\u00ebt me argumentin se ligji p\u00ebr mediat audiovizive I jep AMA-s t\u00eb drejt\u00ebn p\u00ebr t\u2019u sh\u00ebnd\u00ebrruar n\u00eb nj\u00eb organ censurues si dhe mund t\u00eb vendos\u00eb gjob\u00eb deri n\u00eb 1 mln lek\u00eb. P\u00ebr t\u00eb marr\u00eb\u00eb argumentat e pal\u00ebs tjet\u00ebr, delegacioni do t\u00eb shkoj\u00eb t\u00eb mart\u00ebn edhe n\u00eb zyr\u00ebn e Presidentit Ilir Meta.<\/p>\n<p>Edhe pse kreu i shtetit i ka k\u00ebrkuar mazhoranc\u00ebs t\u00eb refklektoj\u00eb me k\u00ebt\u00eb ligj, socilaist\u00ebt nuk e kan\u00eb d\u00ebgjuar, p\u00ebrkundrazi e kan\u00eb cil\u00ebsuar si veprim politik kthimin e paket\u00ebs p\u00ebr rishqyrtim. 3 prej 6 an\u00ebtar\u00ebve t\u00eb delegacionit jan\u00eb pjes\u00eb e K\u00ebshillit t\u00eb Europ\u00ebs, t\u00eb cil\u00ebt e kan\u00eb \u00e7uar t\u00eb par\u00ebt antishpifjen n\u00eb Venecia p\u00ebr t\u00eb marr\u00eb nj\u00eb opinion m\u00eb t\u00eb specializuar. Edhe pse n\u00eb fillim hezitoi, pak dit\u00eb pas KiE-s\u00eb edhe p\u00ebrfaq\u00ebsuesuesi I OSBE-s\u00eb p\u00ebr lirin\u00eb e Medias Harlem Desir ka k\u00ebrkuar opinionin e Venecias. N\u00eb seancen plenare t\u00eb 20 marsit, Komisioni do t\u00eb jap\u00eb edhe opinion p\u00ebrfundimtar p\u00ebr antishpifjen si dhe p\u00ebr Gjykat\u00ebn Kushtetuese, p\u00ebr t\u00eb cil\u00ebn me 13-14 shkurt pritet mb\u00ebrrijta e nj\u00eb tjet\u00ebr delegacioni n\u00eb Tiran\u00eb.<\/p>\n","protected":false},"excerpt":{"rendered":"<p>Mb\u00ebrrin sot n\u00eb Tiran\u00eb Delegacioni i Komisionit t\u00eb Venecias. Pritet q\u00eb ata t\u00eb japin opinionin e tyre p\u00ebr \u00e7\u00ebshtjet e deleguara t\u00eb cilat jan\u00eb k\u00ebrkesa e Met\u00ebs p\u00ebr Kushtetuesen dhe rishikimi i paket\u00ebs anti-shpifje. N\u00eb axhend\u00ebn e tyre p\u00ebrfshihen takimet me disa nga autoritetet e larta shtet\u00ebrore. T\u00eb h\u00ebn\u00ebn socialist\u00ebt do t\u00eb duhet t\u00eb mbrojn\u00eb [&hellip;]<\/p>\n","protected":false},"author":2013,"featured_media":54267,"comment_status":"open","ping_status":"closed","sticky":false,"template":"","format":"standard","meta":{"footnotes":""},"categories":[241,235],"tags":[],"class_list":{"0":"post-121594","1":"post","2":"type-post","3":"status-publish","4":"format-standard","5":"has-post-thumbnail","7":"category-aktualitet","8":"category-vendi"},"_links":{"self":[{"href":"https:\/\/zjarr.tv\/sq\/wp-json\/wp\/v2\/posts\/121594","targetHints":{"allow":["GET"]}}],"collection":[{"href":"https:\/\/zjarr.tv\/sq\/wp-json\/wp\/v2\/posts"}],"about":[{"href":"https:\/\/zjarr.tv\/sq\/wp-json\/wp\/v2\/types\/post"}],"author":[{"embeddable":true,"href":"https:\/\/zjarr.tv\/sq\/wp-json\/wp\/v2\/users\/2013"}],"replies":[{"embeddable":true,"href":"https:\/\/zjarr.tv\/sq\/wp-json\/wp\/v2\/comments?post=121594"}],"version-history":[{"count":0,"href":"https:\/\/zjarr.tv\/sq\/wp-json\/wp\/v2\/posts\/121594\/revisions"}],"wp:featuredmedia":[{"embeddable":true,"href":"https:\/\/zjarr.tv\/sq\/wp-json\/wp\/v2\/media\/54267"}],"wp:attachment":[{"href":"https:\/\/zjarr.tv\/sq\/wp-json\/wp\/v2\/media?parent=121594"}],"wp:term":[{"taxonomy":"category","embeddable":true,"href":"https:\/\/zjarr.tv\/sq\/wp-json\/wp\/v2\/categories?post=121594"},{"taxonomy":"post_tag","embeddable":true,"href":"https:\/\/zjarr.tv\/sq\/wp-json\/wp\/v2\/tags?post=121594"}],"curies":[{"name":"wp","href":"https:\/\/api.w.org\/{rel}","templated":true}]}}