{"id":121634,"date":"2020-02-09T15:07:22","date_gmt":"2020-02-09T14:07:22","guid":{"rendered":"https:\/\/zjarr.tv\/?p=121634"},"modified":"2020-02-09T15:07:22","modified_gmt":"2020-02-09T14:07:22","slug":"del-rezultati-per-te-dyshuaren-me-koronavirus-ne-kosove","status":"publish","type":"post","link":"https:\/\/zjarr.tv\/sq\/del-rezultati-per-te-dyshuaren-me-koronavirus-ne-kosove\/","title":{"rendered":"Del rezultati p\u00ebr t\u00eb dyshuar\u00ebn me koronavirus n\u00eb Kosov\u00eb"},"content":{"rendered":"<p>Pacientja e dyshuar me koronavirus n\u00eb Kosov\u00eb ka rezultuar se nuk \u00ebsht\u00eb e prekur nga ky virus.Sipas mjek\u00ebve, asaj i jan\u00eb b\u00ebr\u00eb analizat menj\u00ebher\u00eb dhe rezultati ka dal\u00eb negativ.Lajmin e ka b\u00ebr\u00eb t\u00eb ditur mjeku Naser Ramadani, nga Instituti Komb\u00ebtar i Sh\u00ebndetit Publik t\u00eb Kosov\u00ebs. Sipas mjek\u00ebve, pacientja \u00ebsht\u00eb shtetase e huaj, dhe \u00a0punon n\u00eb Kosov\u00eb. Mjek\u00ebt kan\u00eb b\u00ebr\u00eb t\u00eb ditur se pacientja, pasi i \u00ebsht\u00eb shfaqur nj\u00eb koll\u00eb, ka shkuar n\u00eb spital p\u00ebr t\u2019u kontrolluar.<\/p>\n<p>Ajo kishte q\u00ebndruar n\u00eb nj\u00eb qend\u00ebr p\u00ebr ski jasht\u00eb Kosov\u00ebs, ku ka m\u00ebsuar se disa persona ishin dyshuar se jan\u00eb prekur nga koronavirusi.<\/p>\n","protected":false},"excerpt":{"rendered":"<p>Pacientja e dyshuar me koronavirus n\u00eb Kosov\u00eb ka rezultuar se nuk \u00ebsht\u00eb e prekur nga ky virus.Sipas mjek\u00ebve, asaj i jan\u00eb b\u00ebr\u00eb analizat menj\u00ebher\u00eb dhe rezultati ka dal\u00eb negativ.Lajmin e ka b\u00ebr\u00eb t\u00eb ditur mjeku Naser Ramadani, nga Instituti Komb\u00ebtar i Sh\u00ebndetit Publik t\u00eb Kosov\u00ebs. Sipas mjek\u00ebve, pacientja \u00ebsht\u00eb shtetase e huaj, dhe \u00a0punon n\u00eb [&hellip;]<\/p>\n","protected":false},"author":2013,"featured_media":121635,"comment_status":"open","ping_status":"closed","sticky":false,"template":"","format":"standard","meta":{"footnotes":""},"categories":[241,2],"tags":[],"class_list":{"0":"post-121634","1":"post","2":"type-post","3":"status-publish","4":"format-standard","5":"has-post-thumbnail","7":"category-aktualitet","8":"category-rajoni"},"_links":{"self":[{"href":"https:\/\/zjarr.tv\/sq\/wp-json\/wp\/v2\/posts\/121634","targetHints":{"allow":["GET"]}}],"collection":[{"href":"https:\/\/zjarr.tv\/sq\/wp-json\/wp\/v2\/posts"}],"about":[{"href":"https:\/\/zjarr.tv\/sq\/wp-json\/wp\/v2\/types\/post"}],"author":[{"embeddable":true,"href":"https:\/\/zjarr.tv\/sq\/wp-json\/wp\/v2\/users\/2013"}],"replies":[{"embeddable":true,"href":"https:\/\/zjarr.tv\/sq\/wp-json\/wp\/v2\/comments?post=121634"}],"version-history":[{"count":0,"href":"https:\/\/zjarr.tv\/sq\/wp-json\/wp\/v2\/posts\/121634\/revisions"}],"wp:featuredmedia":[{"embeddable":true,"href":"https:\/\/zjarr.tv\/sq\/wp-json\/wp\/v2\/media\/121635"}],"wp:attachment":[{"href":"https:\/\/zjarr.tv\/sq\/wp-json\/wp\/v2\/media?parent=121634"}],"wp:term":[{"taxonomy":"category","embeddable":true,"href":"https:\/\/zjarr.tv\/sq\/wp-json\/wp\/v2\/categories?post=121634"},{"taxonomy":"post_tag","embeddable":true,"href":"https:\/\/zjarr.tv\/sq\/wp-json\/wp\/v2\/tags?post=121634"}],"curies":[{"name":"wp","href":"https:\/\/api.w.org\/{rel}","templated":true}]}}