{"id":121657,"date":"2020-02-10T11:15:42","date_gmt":"2020-02-10T10:15:42","guid":{"rendered":"https:\/\/zjarr.tv\/?p=121657"},"modified":"2020-02-10T11:15:42","modified_gmt":"2020-02-10T10:15:42","slug":"20-dite-para-kongresit-ps-mbledh-kryesine","status":"publish","type":"post","link":"https:\/\/zjarr.tv\/sq\/20-dite-para-kongresit-ps-mbledh-kryesine\/","title":{"rendered":"20 dit\u00eb para kongresit, PS mbledh kryesin\u00eb"},"content":{"rendered":"<p>Partia Socialiste ka mbledhur paraditen e sotme Kryesin\u00eb ku pritet t\u00eb diskutoj\u00eb disa \u00e7\u00ebshtje t\u00eb organizimit t\u00eb brendsh\u00ebm.Mbledhja e sotme vjen 20 dit\u00eb nga mbajtja e Kongresit t\u00eb PS ku do t\u00eb zgjidhen an\u00ebtar\u00ebt e tij.N\u00eb mbledhjen e sotme t\u00eb Kryesis\u00eb do t\u00eb diskutohet edhe p\u00ebr zgjedhjet p\u00ebr kryetar\u00eb partie n\u00eb bashki.<\/p>\n<div id=\"rekl-13\">\n<div id=\"__sap-ad-15\" class=\"__sap-ads __sap-html tracked\" data-title=\"Credins desktop Brenda lajmit 08\">Procesi duhet t\u00eb kishte p\u00ebrfunduar brenda janarit po p\u00ebr shkak t\u00eb problematikave nuk \u00ebsht\u00eb arritur t\u00eb mbyllej n\u00eb koh\u00eb n\u00eb disa bashki.<\/div>\n<\/div>\n<div id=\"rekl-42\"><\/div>\n<p>Kryesia e PS pritet t\u00eb diskutoj\u00eb edhe \u00e7\u00ebshtje q\u00eb kan\u00eb t\u00eb b\u00ebjn\u00eb me reformat n\u00eb vend, p\u00ebrfshir\u00eb reform\u00ebn zgjedhore.<\/p>\n","protected":false},"excerpt":{"rendered":"<p>Partia Socialiste ka mbledhur paraditen e sotme Kryesin\u00eb ku pritet t\u00eb diskutoj\u00eb disa \u00e7\u00ebshtje t\u00eb organizimit t\u00eb brendsh\u00ebm.Mbledhja e sotme vjen 20 dit\u00eb nga mbajtja e Kongresit t\u00eb PS ku do t\u00eb zgjidhen an\u00ebtar\u00ebt e tij.N\u00eb mbledhjen e sotme t\u00eb Kryesis\u00eb do t\u00eb diskutohet edhe p\u00ebr zgjedhjet p\u00ebr kryetar\u00eb partie n\u00eb bashki. Procesi duhet t\u00eb [&hellip;]<\/p>\n","protected":false},"author":2013,"featured_media":30694,"comment_status":"open","ping_status":"closed","sticky":false,"template":"","format":"standard","meta":{"footnotes":""},"categories":[241,235],"tags":[],"class_list":{"0":"post-121657","1":"post","2":"type-post","3":"status-publish","4":"format-standard","5":"has-post-thumbnail","7":"category-aktualitet","8":"category-vendi"},"_links":{"self":[{"href":"https:\/\/zjarr.tv\/sq\/wp-json\/wp\/v2\/posts\/121657","targetHints":{"allow":["GET"]}}],"collection":[{"href":"https:\/\/zjarr.tv\/sq\/wp-json\/wp\/v2\/posts"}],"about":[{"href":"https:\/\/zjarr.tv\/sq\/wp-json\/wp\/v2\/types\/post"}],"author":[{"embeddable":true,"href":"https:\/\/zjarr.tv\/sq\/wp-json\/wp\/v2\/users\/2013"}],"replies":[{"embeddable":true,"href":"https:\/\/zjarr.tv\/sq\/wp-json\/wp\/v2\/comments?post=121657"}],"version-history":[{"count":0,"href":"https:\/\/zjarr.tv\/sq\/wp-json\/wp\/v2\/posts\/121657\/revisions"}],"wp:featuredmedia":[{"embeddable":true,"href":"https:\/\/zjarr.tv\/sq\/wp-json\/wp\/v2\/media\/30694"}],"wp:attachment":[{"href":"https:\/\/zjarr.tv\/sq\/wp-json\/wp\/v2\/media?parent=121657"}],"wp:term":[{"taxonomy":"category","embeddable":true,"href":"https:\/\/zjarr.tv\/sq\/wp-json\/wp\/v2\/categories?post=121657"},{"taxonomy":"post_tag","embeddable":true,"href":"https:\/\/zjarr.tv\/sq\/wp-json\/wp\/v2\/tags?post=121657"}],"curies":[{"name":"wp","href":"https:\/\/api.w.org\/{rel}","templated":true}]}}