{"id":121665,"date":"2020-02-10T11:18:44","date_gmt":"2020-02-10T10:18:44","guid":{"rendered":"https:\/\/zjarr.tv\/?p=121665"},"modified":"2020-02-10T11:18:44","modified_gmt":"2020-02-10T10:18:44","slug":"skandal-nderohet-me-bust-vasil-shahini-kryespiuni-grek","status":"publish","type":"post","link":"https:\/\/zjarr.tv\/sq\/skandal-nderohet-me-bust-vasil-shahini-kryespiuni-grek\/","title":{"rendered":"Skandal\/ Nderohet me bust Vasil Shahini, kryespiuni grek"},"content":{"rendered":"<p>Vasil Shahini, i konsideruar si kreu i agjentur\u00ebs greke n\u00eb Shqip\u00ebri, nj\u00ebkoh\u00ebsisht themelues i organizat\u00ebs terroriste MAVI, \u00ebsht\u00eb nderuar me bust nga Bashkia e Dropullit.<\/p>\n<p>Bashkia e Dervi\u00e7anti ka vendosur bustin e ekstremistit grek n\u00eb qend\u00ebr t\u00eb fshatit. Po kush \u00ebsht\u00eb Vasil Shahini<\/p>\n<p>Ai njihet si themeluesi i Frontit \u00c7lirimtar t\u00eb Vorio Epirit. Kryeagjenti i Greqis\u00eb n\u00eb Shqip\u00ebri q\u00eb punoi p\u00ebr aneksimin e Jugut t\u00eb Shqip\u00ebris\u00eb te Greqia.<\/p>\n<div id=\"rekl-13\">\n<div id=\"__sap-ad-15\" class=\"__sap-ads __sap-html tracked\" data-title=\"Credins desktop Brenda lajmit 08\"><ins><\/p>\n<div id=\"beacon_3fa21bae0c\"><img loading=\"lazy\" decoding=\"async\" src=\"https:\/\/ads1.medium.al\/www\/delivery\/lg.php?bannerid=496&amp;campaignid=68&amp;zoneid=232&amp;loc=https%3A%2F%2Fwww.syri.net%2Fpolitike%2F314723%2Fskandal-nderohet-me-bust-vasil-shahini-kryespiuni-grek-qe-themeloi-organizaten-terroriste-mavi%2F&amp;referer=https%3A%2F%2Fwww.syri.net%2Flajme%2F&amp;cb=3fa21bae0c\" alt=\"\" width=\"0\" height=\"0\" \/>Madje pun\u00ebn e tij anti-shqiptare e p\u00ebrmendin me krenari edhe dropullit\u00ebt, t\u00eb cil\u00ebt n\u00eb nj\u00eb faqe n\u00eb facebook me emrin \u201cRinia vorioepirote\u201d, kan\u00eb postuar videon e inagurimit t\u00eb bustit.<\/div>\n<p><\/ins><\/div>\n<\/div>\n<p>Vasil Shahini u arrestua dhe u vra nga komunist\u00ebt shqiptar\u00eb.\/27.al\/<\/p>\n","protected":false},"excerpt":{"rendered":"<p>Vasil Shahini, i konsideruar si kreu i agjentur\u00ebs greke n\u00eb Shqip\u00ebri, nj\u00ebkoh\u00ebsisht themelues i organizat\u00ebs terroriste MAVI, \u00ebsht\u00eb nderuar me bust nga Bashkia e Dropullit. Bashkia e Dervi\u00e7anti ka vendosur bustin e ekstremistit grek n\u00eb qend\u00ebr t\u00eb fshatit. Po kush \u00ebsht\u00eb Vasil Shahini Ai njihet si themeluesi i Frontit \u00c7lirimtar t\u00eb Vorio Epirit. Kryeagjenti i [&hellip;]<\/p>\n","protected":false},"author":2013,"featured_media":121666,"comment_status":"open","ping_status":"closed","sticky":false,"template":"","format":"standard","meta":{"footnotes":""},"categories":[241,235],"tags":[],"class_list":{"0":"post-121665","1":"post","2":"type-post","3":"status-publish","4":"format-standard","5":"has-post-thumbnail","7":"category-aktualitet","8":"category-vendi"},"_links":{"self":[{"href":"https:\/\/zjarr.tv\/sq\/wp-json\/wp\/v2\/posts\/121665","targetHints":{"allow":["GET"]}}],"collection":[{"href":"https:\/\/zjarr.tv\/sq\/wp-json\/wp\/v2\/posts"}],"about":[{"href":"https:\/\/zjarr.tv\/sq\/wp-json\/wp\/v2\/types\/post"}],"author":[{"embeddable":true,"href":"https:\/\/zjarr.tv\/sq\/wp-json\/wp\/v2\/users\/2013"}],"replies":[{"embeddable":true,"href":"https:\/\/zjarr.tv\/sq\/wp-json\/wp\/v2\/comments?post=121665"}],"version-history":[{"count":0,"href":"https:\/\/zjarr.tv\/sq\/wp-json\/wp\/v2\/posts\/121665\/revisions"}],"wp:featuredmedia":[{"embeddable":true,"href":"https:\/\/zjarr.tv\/sq\/wp-json\/wp\/v2\/media\/121666"}],"wp:attachment":[{"href":"https:\/\/zjarr.tv\/sq\/wp-json\/wp\/v2\/media?parent=121665"}],"wp:term":[{"taxonomy":"category","embeddable":true,"href":"https:\/\/zjarr.tv\/sq\/wp-json\/wp\/v2\/categories?post=121665"},{"taxonomy":"post_tag","embeddable":true,"href":"https:\/\/zjarr.tv\/sq\/wp-json\/wp\/v2\/tags?post=121665"}],"curies":[{"name":"wp","href":"https:\/\/api.w.org\/{rel}","templated":true}]}}