{"id":121672,"date":"2020-02-10T11:57:42","date_gmt":"2020-02-10T10:57:42","guid":{"rendered":"https:\/\/zjarr.tv\/?p=121672"},"modified":"2020-02-10T11:57:42","modified_gmt":"2020-02-10T10:57:42","slug":"aksident-ne-pune-prane-presidences-2-punetore-te-plagosur","status":"publish","type":"post","link":"https:\/\/zjarr.tv\/sq\/aksident-ne-pune-prane-presidences-2-punetore-te-plagosur\/","title":{"rendered":"Aksident n\u00eb pun\u00eb pran\u00eb Presidenc\u00ebs, 2 pun\u00ebtor\u00eb t\u00eb plagosur"},"content":{"rendered":"<p>Nj\u00eb aksident n\u00eb pun\u00eb \u00ebsht\u00eb sh\u00ebnuar pran\u00eb presidenc\u00ebs paraditen e sotme n\u00eb Tiran\u00eb. Nga informacionet e para flitet p\u00ebr dy pun\u00ebtor\u00eb t\u00eb plagosur. Aksidenti u sh\u00ebnua n\u00eb nj\u00eb objekt q\u00eb po nd\u00ebrtohet pran\u00eb presidenc\u00ebs.\u00a0 N\u00eb minutat n\u00eb vazhdim priten m\u00eb shum\u00eb detaje mbi aksidentin.<\/p>\n","protected":false},"excerpt":{"rendered":"<p>Nj\u00eb aksident n\u00eb pun\u00eb \u00ebsht\u00eb sh\u00ebnuar pran\u00eb presidenc\u00ebs paraditen e sotme n\u00eb Tiran\u00eb. Nga informacionet e para flitet p\u00ebr dy pun\u00ebtor\u00eb t\u00eb plagosur. Aksidenti u sh\u00ebnua n\u00eb nj\u00eb objekt q\u00eb po nd\u00ebrtohet pran\u00eb presidenc\u00ebs.\u00a0 N\u00eb minutat n\u00eb vazhdim priten m\u00eb shum\u00eb detaje mbi aksidentin.<\/p>\n","protected":false},"author":2013,"featured_media":121673,"comment_status":"open","ping_status":"closed","sticky":false,"template":"","format":"standard","meta":{"footnotes":""},"categories":[241,235],"tags":[],"class_list":{"0":"post-121672","1":"post","2":"type-post","3":"status-publish","4":"format-standard","5":"has-post-thumbnail","7":"category-aktualitet","8":"category-vendi"},"_links":{"self":[{"href":"https:\/\/zjarr.tv\/sq\/wp-json\/wp\/v2\/posts\/121672","targetHints":{"allow":["GET"]}}],"collection":[{"href":"https:\/\/zjarr.tv\/sq\/wp-json\/wp\/v2\/posts"}],"about":[{"href":"https:\/\/zjarr.tv\/sq\/wp-json\/wp\/v2\/types\/post"}],"author":[{"embeddable":true,"href":"https:\/\/zjarr.tv\/sq\/wp-json\/wp\/v2\/users\/2013"}],"replies":[{"embeddable":true,"href":"https:\/\/zjarr.tv\/sq\/wp-json\/wp\/v2\/comments?post=121672"}],"version-history":[{"count":0,"href":"https:\/\/zjarr.tv\/sq\/wp-json\/wp\/v2\/posts\/121672\/revisions"}],"wp:featuredmedia":[{"embeddable":true,"href":"https:\/\/zjarr.tv\/sq\/wp-json\/wp\/v2\/media\/121673"}],"wp:attachment":[{"href":"https:\/\/zjarr.tv\/sq\/wp-json\/wp\/v2\/media?parent=121672"}],"wp:term":[{"taxonomy":"category","embeddable":true,"href":"https:\/\/zjarr.tv\/sq\/wp-json\/wp\/v2\/categories?post=121672"},{"taxonomy":"post_tag","embeddable":true,"href":"https:\/\/zjarr.tv\/sq\/wp-json\/wp\/v2\/tags?post=121672"}],"curies":[{"name":"wp","href":"https:\/\/api.w.org\/{rel}","templated":true}]}}