{"id":121678,"date":"2020-02-10T12:08:39","date_gmt":"2020-02-10T11:08:39","guid":{"rendered":"https:\/\/zjarr.tv\/?p=121678"},"modified":"2020-02-10T12:08:39","modified_gmt":"2020-02-10T11:08:39","slug":"masat-ndaj-koronavirusit-manastirliu-dhomat-e-izolimit-jane-funksionale","status":"publish","type":"post","link":"https:\/\/zjarr.tv\/sq\/masat-ndaj-koronavirusit-manastirliu-dhomat-e-izolimit-jane-funksionale\/","title":{"rendered":"Masat ndaj koronavirusit, Manastirliu: Dhomat e izolimit jan\u00eb funksionale"},"content":{"rendered":"<p>Ministrja e Sh\u00ebndet\u00ebsis\u00eb Ogerta Manastirliu ka raportuar n\u00eb komisionin e Sh\u00ebndet\u00ebsis\u00eb p\u00ebr masat q\u00eb jan\u00eb marr\u00eb ndaj gripit dhe koronavirusit nga institucioni q\u00eb ajo drejton. Gjat\u00eb fjal\u00ebs s\u00eb saj Manastirliu tha se dhomat e izolimit jan\u00eb funksionale dhe se jan\u00eb kushtet p\u00ebr t\u2019u vendosur karantina n\u00eb vend.<\/p>\n<p><strong>Ogerta Manastirliu:<\/strong>\u00a0<em>\u2018\u2019Dua q\u00eb t\u00eb informoj komisionin se nga ISHP jan\u00eb realizuar t\u00eb gjitha trajnimet p\u00ebr specialist\u00eb n\u00eb t\u00eb gjitha strukturat e kujdesit par\u00ebsor. <\/em><em>Dhe ne spitale jan\u00eb marr\u00eb masa dhe dhomat e izolimit jan\u00eb funksionale n\u00ebse ka raste p\u00ebr t\u00eb dyshuarit me koronavirus. <\/em><em>Ka 5 raste te dyshuara me nj\u00eb histori udh\u00ebtimi me Kin\u00ebn t\u00eb cil\u00ebt jan\u00eb testuar dhe kan\u00eb dal\u00eb negative. <\/em><em>Pra deri m\u00eb tani Shqip\u00ebria nuk ka asnj\u00eb rast t\u00eb konfirmuar me koronavirus. <\/em><em>Sh\u00ebrbimi infektiv \u00ebsht\u00eb pajisur me t\u00eb gjitha mjetet e mbrojtjes personale.<\/em><\/p>\n<p><em>Kemi dhe nj\u00eb struktur\u00eb prites p\u00ebr karantin\u00eb n\u00eb vend, vendi \u00ebsht\u00eb i p\u00ebrcaktuar me kushtet m\u00eb t\u00eb mira.\u2019\u2019<\/em><\/p>\n","protected":false},"excerpt":{"rendered":"<p>Ministrja e Sh\u00ebndet\u00ebsis\u00eb Ogerta Manastirliu ka raportuar n\u00eb komisionin e Sh\u00ebndet\u00ebsis\u00eb p\u00ebr masat q\u00eb jan\u00eb marr\u00eb ndaj gripit dhe koronavirusit nga institucioni q\u00eb ajo drejton. Gjat\u00eb fjal\u00ebs s\u00eb saj Manastirliu tha se dhomat e izolimit jan\u00eb funksionale dhe se jan\u00eb kushtet p\u00ebr t\u2019u vendosur karantina n\u00eb vend. Ogerta Manastirliu:\u00a0\u2018\u2019Dua q\u00eb t\u00eb informoj komisionin se nga [&hellip;]<\/p>\n","protected":false},"author":2013,"featured_media":58960,"comment_status":"open","ping_status":"closed","sticky":false,"template":"","format":"standard","meta":{"footnotes":""},"categories":[241,235],"tags":[],"class_list":{"0":"post-121678","1":"post","2":"type-post","3":"status-publish","4":"format-standard","5":"has-post-thumbnail","7":"category-aktualitet","8":"category-vendi"},"_links":{"self":[{"href":"https:\/\/zjarr.tv\/sq\/wp-json\/wp\/v2\/posts\/121678","targetHints":{"allow":["GET"]}}],"collection":[{"href":"https:\/\/zjarr.tv\/sq\/wp-json\/wp\/v2\/posts"}],"about":[{"href":"https:\/\/zjarr.tv\/sq\/wp-json\/wp\/v2\/types\/post"}],"author":[{"embeddable":true,"href":"https:\/\/zjarr.tv\/sq\/wp-json\/wp\/v2\/users\/2013"}],"replies":[{"embeddable":true,"href":"https:\/\/zjarr.tv\/sq\/wp-json\/wp\/v2\/comments?post=121678"}],"version-history":[{"count":0,"href":"https:\/\/zjarr.tv\/sq\/wp-json\/wp\/v2\/posts\/121678\/revisions"}],"wp:featuredmedia":[{"embeddable":true,"href":"https:\/\/zjarr.tv\/sq\/wp-json\/wp\/v2\/media\/58960"}],"wp:attachment":[{"href":"https:\/\/zjarr.tv\/sq\/wp-json\/wp\/v2\/media?parent=121678"}],"wp:term":[{"taxonomy":"category","embeddable":true,"href":"https:\/\/zjarr.tv\/sq\/wp-json\/wp\/v2\/categories?post=121678"},{"taxonomy":"post_tag","embeddable":true,"href":"https:\/\/zjarr.tv\/sq\/wp-json\/wp\/v2\/tags?post=121678"}],"curies":[{"name":"wp","href":"https:\/\/api.w.org\/{rel}","templated":true}]}}