{"id":121684,"date":"2020-02-10T14:11:10","date_gmt":"2020-02-10T13:11:10","guid":{"rendered":"https:\/\/zjarr.tv\/?p=121684"},"modified":"2020-02-10T14:11:10","modified_gmt":"2020-02-10T13:11:10","slug":"meta-shqiptaret-e-presheves-te-unifikohen-dhe-te-dalin-masivisht-ne-votime","status":"publish","type":"post","link":"https:\/\/zjarr.tv\/sq\/meta-shqiptaret-e-presheves-te-unifikohen-dhe-te-dalin-masivisht-ne-votime\/","title":{"rendered":"Meta: Shqiptar\u00ebt e Preshev\u00ebs t\u00eb unifikohen dhe t\u00eb dalin masivisht n\u00eb votime"},"content":{"rendered":"<div class=\"readmore-text-here\">\n<p>Presidenti Ilir Meta doli me nj\u00eb thirrje p\u00ebr shqiptar\u00ebt e Lugin\u00ebs s\u00eb Preshev\u00ebs, n\u00eb pritje t\u00eb votimeve n\u00eb Serbi.\u00a0Meta u b\u00ebn thirrje q\u00eb shqiptar\u00ebt t\u00eb unifikojn\u00eb q\u00ebndrimet dhe marrin pjes\u00eb masivisht n\u00eb votime.<\/p>\n<p><strong>DEKLARAT\u00cb E PRESIDENTIT T\u00cb REPUBLIK\u00cbS<\/strong><\/p>\n<p>Presidenti i Republik\u00ebs Sh.T.Z Ilir Meta ka ndjekur dhe ndjek me v\u00ebmendje t\u00eb gjitha zhvillimet n\u00eb Lugin\u00ebn e Preshev\u00ebs e n\u00eb m\u00ebnyr\u00eb t\u00eb ve\u00e7ant\u00eb zhvillimet politike lidhur me zgjedhjet e ardhshme n\u00eb Serbi.<\/p>\n<p>Presidenti Meta ka b\u00ebr\u00eb thirrje n\u00eb vijim\u00ebsi p\u00ebr zgjidhjen n\u00eb m\u00ebnyr\u00eb demokratike t\u00eb t\u00eb gjitha \u00e7\u00ebshtjeve q\u00eb shqet\u00ebsojn\u00eb popullsin\u00eb shqiptare t\u00eb Lugin\u00ebs dhe t\u00eb gjith\u00eb shqiptar\u00ebt n\u00eb Serbi. N\u00eb k\u00ebt\u00eb kontekst, pjes\u00ebmarrja n\u00eb zgjedhje, si ato t\u00eb p\u00ebrgjithshme, ashtu dhe lokale, \u00ebsht\u00eb me r\u00ebnd\u00ebsi madhore.<\/p>\n<p>Presidenti Meta inkurajon t\u00eb gjitha forcat politike t\u00eb Lugin\u00ebs s\u00eb Preshev\u00ebs dhe t\u00eb gjith\u00eb popullsin\u00eb shqiptare kudo ku jeton n\u00eb Serbi, t\u00eb marrin pjes\u00eb n\u00eb zgjedhje, t\u00eb unifikojn\u00eb q\u00ebndrimet, n\u00eb m\u00ebnyr\u00eb q\u00eb t\u00eb maksimalizojn\u00eb rolin dhe kontributin e tyre n\u00eb institucionet e ardhshme, si n\u00eb nivel q\u00ebndror, ashtu edhe n\u00eb nivel lokal.<\/p>\n<p>Presidenti Meta shpreh bindjen se pjes\u00ebmarrja sa m\u00eb masive e shqiptar\u00ebve n\u00eb zgjedhjet e p\u00ebrgjithshme dhe ato vendore, bashk\u00ebpunimi i t\u00eb gjith\u00eb subjekteve politike p\u00ebr rritjen e p\u00ebrfaq\u00ebsimit t\u00eb shqiptar\u00ebve, si dhe bashk\u00ebpunimi i tyre i ngusht\u00eb me faktorin nd\u00ebrkomb\u00ebtar do t\u00eb garantojn\u00eb forcimin e z\u00ebrit t\u00eb popullsis\u00eb shqiptare n\u00eb funksion t\u00eb plot\u00ebsimit t\u00eb k\u00ebrkesave dhe t\u00eb drejtave t\u00eb tyre legjitime n\u00eb Serbi.<\/p>\n<\/div>\n<div id=\"rekl-33\"><\/div>\n","protected":false},"excerpt":{"rendered":"<p>Presidenti Ilir Meta doli me nj\u00eb thirrje p\u00ebr shqiptar\u00ebt e Lugin\u00ebs s\u00eb Preshev\u00ebs, n\u00eb pritje t\u00eb votimeve n\u00eb Serbi.\u00a0Meta u b\u00ebn thirrje q\u00eb shqiptar\u00ebt t\u00eb unifikojn\u00eb q\u00ebndrimet dhe marrin pjes\u00eb masivisht n\u00eb votime. DEKLARAT\u00cb E PRESIDENTIT T\u00cb REPUBLIK\u00cbS Presidenti i Republik\u00ebs Sh.T.Z Ilir Meta ka ndjekur dhe ndjek me v\u00ebmendje t\u00eb gjitha zhvillimet n\u00eb Lugin\u00ebn [&hellip;]<\/p>\n","protected":false},"author":2013,"featured_media":99906,"comment_status":"open","ping_status":"closed","sticky":false,"template":"","format":"standard","meta":{"footnotes":""},"categories":[241,235],"tags":[],"class_list":{"0":"post-121684","1":"post","2":"type-post","3":"status-publish","4":"format-standard","5":"has-post-thumbnail","7":"category-aktualitet","8":"category-vendi"},"_links":{"self":[{"href":"https:\/\/zjarr.tv\/sq\/wp-json\/wp\/v2\/posts\/121684","targetHints":{"allow":["GET"]}}],"collection":[{"href":"https:\/\/zjarr.tv\/sq\/wp-json\/wp\/v2\/posts"}],"about":[{"href":"https:\/\/zjarr.tv\/sq\/wp-json\/wp\/v2\/types\/post"}],"author":[{"embeddable":true,"href":"https:\/\/zjarr.tv\/sq\/wp-json\/wp\/v2\/users\/2013"}],"replies":[{"embeddable":true,"href":"https:\/\/zjarr.tv\/sq\/wp-json\/wp\/v2\/comments?post=121684"}],"version-history":[{"count":0,"href":"https:\/\/zjarr.tv\/sq\/wp-json\/wp\/v2\/posts\/121684\/revisions"}],"wp:featuredmedia":[{"embeddable":true,"href":"https:\/\/zjarr.tv\/sq\/wp-json\/wp\/v2\/media\/99906"}],"wp:attachment":[{"href":"https:\/\/zjarr.tv\/sq\/wp-json\/wp\/v2\/media?parent=121684"}],"wp:term":[{"taxonomy":"category","embeddable":true,"href":"https:\/\/zjarr.tv\/sq\/wp-json\/wp\/v2\/categories?post=121684"},{"taxonomy":"post_tag","embeddable":true,"href":"https:\/\/zjarr.tv\/sq\/wp-json\/wp\/v2\/tags?post=121684"}],"curies":[{"name":"wp","href":"https:\/\/api.w.org\/{rel}","templated":true}]}}