{"id":121694,"date":"2020-02-10T14:21:37","date_gmt":"2020-02-10T13:21:37","guid":{"rendered":"https:\/\/zjarr.tv\/?p=121694"},"modified":"2020-02-10T14:21:37","modified_gmt":"2020-02-10T13:21:37","slug":"edmond-spaho-publikon-videon-largimi-i-rames-garanci-per-lufte-te-vertete-ndaj-krimit","status":"publish","type":"post","link":"https:\/\/zjarr.tv\/sq\/edmond-spaho-publikon-videon-largimi-i-rames-garanci-per-lufte-te-vertete-ndaj-krimit\/","title":{"rendered":"Edmond Spaho publikon videon: Largimi i Ram\u00ebs, garanci p\u00ebr luft\u00eb t\u00eb v\u00ebrtet\u00eb ndaj krimit"},"content":{"rendered":"<p>N\u00ebnkryetari i PD, Edmond Spaho ka publikuar nj\u00eb video ku Rama i p\u00ebrgjigjej akuzave t\u00eb PD p\u00ebr deputet\u00ebt dhe kryebashkiak\u00ebt e inkriminuar t\u00eb PS.<br \/>\nSpaho thot\u00eb se Rama \u00ebsht\u00eb avokat i kriminel\u00ebve m\u00eb t\u00eb rreziksh\u00ebm n\u00eb vend dhe se vet\u00ebm largimi i tij \u00ebsht\u00eb garanci p\u00ebr nj\u00eb luft\u00eb t\u00eb v\u00ebrtet\u00eb kund\u00ebr krimit t\u00eb organizuar.<br \/>\nSa i p\u00ebrket Anti- K\u00c7K, Spaho thot\u00eb se Rama \u00ebsht\u00eb aq hipokrit me k\u00ebt\u00eb ligj sa kur mbronte kriminel\u00ebt nga ligji i dekriminalizimit apo kur mohonte q\u00eb n\u00eb Shqip\u00ebri s\u2019mbillej kanabis.<\/p>\n<p><strong>STATUSI I EDMOND SPAHOS<\/strong><\/p>\n<p>Edi Rama \u00ebsht\u00eb i pabesuesh\u00ebm! Nuk mund ta luftoj\u00eb krimin e organizuar pjella e krimit dhe avokati m\u00eb besnik i kriminel\u00ebve m\u00eb t\u00eb rreziksh\u00ebm t\u00eb vendit.<\/p>\n<p>Edi Rama i b\u00ebri trafikant\u00ebt e drog\u00ebs, vras\u00ebsit, p\u00ebrdhunuesit, deputet\u00eb, kryebashkiak\u00eb, drejtor\u00eb t\u00eb r\u00ebnd\u00ebsish\u00ebm n\u00eb qeverisjen e vet t\u00eb kriminalizuar. \u00cbsht\u00eb kaq hipokrit me t\u00eb ashtuquajturin ligj antiK\u00c7K, sa\u00e7 ishte dje, kur mbronte kriminel\u00ebt e tij nga ligji i dekriminalizimit dhe kur mohonte se m\u00eb Shqip\u00ebri nuk mbillej kanabis.<\/p>\n<p>Edi Rama \u00ebsht\u00eb i pabesuesh\u00ebm dhe i d\u00ebshtuar n\u00eb luft\u00ebn kund\u00ebr krimit dhe pasurive t\u00eb tij. \u00cbsht\u00eb ai q\u00eb u ka dh\u00ebn\u00eb trafikant\u00ebve t\u00eb drog\u00ebs leje nd\u00ebrtimi, q\u00eb vazhdon t\u2019u jap\u00eb bos\u00ebve t\u00eb krimit dhe familjar\u00ebve t\u00eb tyre tendera publik\u00eb dhe koncesione, duke u dh\u00ebn\u00eb mund\u00ebsi t\u00eb pastrojn\u00eb parat\u00eb e pista. Vet\u00ebm largimi i Edi Ram\u00ebs \u00ebsht\u00eb garanci p\u00ebr nj\u00eb luft\u00eb t\u00eb v\u00ebrtet\u00eb kund\u00ebr krimit t\u00eb organizuar!<\/p>\n<p><iframe src=\"https:\/\/www.facebook.com\/plugins\/video.php?href=https%3A%2F%2Fwww.facebook.com%2F442305982603609%2Fvideos%2F2694480624004011%2F&amp;show_text=0&amp;width=560\" frameborder=\"0\" scrolling=\"no\" allowfullscreen=\"allowfullscreen\" data-sticky-video-state=\"sticky\" data-mce-fragment=\"1\"><\/iframe><\/p>\n<p>&nbsp;<\/p>\n","protected":false},"excerpt":{"rendered":"<p>N\u00ebnkryetari i PD, Edmond Spaho ka publikuar nj\u00eb video ku Rama i p\u00ebrgjigjej akuzave t\u00eb PD p\u00ebr deputet\u00ebt dhe kryebashkiak\u00ebt e inkriminuar t\u00eb PS. Spaho thot\u00eb se Rama \u00ebsht\u00eb avokat i kriminel\u00ebve m\u00eb t\u00eb rreziksh\u00ebm n\u00eb vend dhe se vet\u00ebm largimi i tij \u00ebsht\u00eb garanci p\u00ebr nj\u00eb luft\u00eb t\u00eb v\u00ebrtet\u00eb kund\u00ebr krimit t\u00eb organizuar. Sa [&hellip;]<\/p>\n","protected":false},"author":2013,"featured_media":50660,"comment_status":"open","ping_status":"closed","sticky":false,"template":"","format":"standard","meta":{"footnotes":""},"categories":[241,235],"tags":[],"class_list":{"0":"post-121694","1":"post","2":"type-post","3":"status-publish","4":"format-standard","5":"has-post-thumbnail","7":"category-aktualitet","8":"category-vendi"},"_links":{"self":[{"href":"https:\/\/zjarr.tv\/sq\/wp-json\/wp\/v2\/posts\/121694","targetHints":{"allow":["GET"]}}],"collection":[{"href":"https:\/\/zjarr.tv\/sq\/wp-json\/wp\/v2\/posts"}],"about":[{"href":"https:\/\/zjarr.tv\/sq\/wp-json\/wp\/v2\/types\/post"}],"author":[{"embeddable":true,"href":"https:\/\/zjarr.tv\/sq\/wp-json\/wp\/v2\/users\/2013"}],"replies":[{"embeddable":true,"href":"https:\/\/zjarr.tv\/sq\/wp-json\/wp\/v2\/comments?post=121694"}],"version-history":[{"count":0,"href":"https:\/\/zjarr.tv\/sq\/wp-json\/wp\/v2\/posts\/121694\/revisions"}],"wp:featuredmedia":[{"embeddable":true,"href":"https:\/\/zjarr.tv\/sq\/wp-json\/wp\/v2\/media\/50660"}],"wp:attachment":[{"href":"https:\/\/zjarr.tv\/sq\/wp-json\/wp\/v2\/media?parent=121694"}],"wp:term":[{"taxonomy":"category","embeddable":true,"href":"https:\/\/zjarr.tv\/sq\/wp-json\/wp\/v2\/categories?post=121694"},{"taxonomy":"post_tag","embeddable":true,"href":"https:\/\/zjarr.tv\/sq\/wp-json\/wp\/v2\/tags?post=121694"}],"curies":[{"name":"wp","href":"https:\/\/api.w.org\/{rel}","templated":true}]}}