{"id":121705,"date":"2020-02-10T14:40:45","date_gmt":"2020-02-10T13:40:45","guid":{"rendered":"https:\/\/zjarr.tv\/?p=121705"},"modified":"2020-02-10T14:40:45","modified_gmt":"2020-02-10T13:40:45","slug":"anti-shpifja-delegacioni-i-venecias-interesohet-tek-vasilika-hysi-per-problematikat-e-ligjit","status":"publish","type":"post","link":"https:\/\/zjarr.tv\/sq\/anti-shpifja-delegacioni-i-venecias-interesohet-tek-vasilika-hysi-per-problematikat-e-ligjit\/","title":{"rendered":"Anti- Shpifja, delegacioni i \u2018Venecias\u2019 interesohet tek Vasilika Hysi p\u00ebr problematikat e ligjit"},"content":{"rendered":"<p>Z\u00ebvend\u00ebskryetarja e Kuvendit, znj. Vasilika Hysi, priti sot n\u00eb takim nj\u00eb delegacion nga Komisioni i Venecias, i p\u00ebrber\u00eb nga znj. Herdis KJERULF THORGEIRSDOTTIR, an\u00ebtare e Komisionit t\u00eb Venecias p\u00ebr Island\u00ebn, z. Michael FRENDO, an\u00ebtar i Komisionit t\u00eb Venecias p\u00ebr Malt\u00ebn, si dhe ekspert\u00eb t\u00eb Komisionit.<\/p>\n<p>Delegacioni ndodhet n\u00eb Shqip\u00ebri p\u00ebr t\u00eb p\u00ebrgatitur nj\u00eb opinion p\u00ebr ligjin p\u00ebr mediat elektronike dhe sh\u00ebrbimet e medias n\u00eb Republik\u00ebn e Shqip\u00ebris\u00eb.<br \/>\nGjat\u00eb takimit, an\u00ebtar\u00ebt e delegacionit shprehen interes p\u00ebr t\u00eb njohur q\u00ebllimet e ligjit, nevojat p\u00ebr miratimin e tij si dhe u diskutua mbi problematikat e hasura n\u00eb praktik\u00eb.<br \/>\nDelegacioni nga Komisioni i Venecias po zhvillon vizit\u00eb dy-ditore n\u00eb Tiran\u00eb dhe opinioni i tyre pritet t\u00eb miratohet n\u00eb Sesionin e 122 Plenar t\u00eb Komisionit t\u00eb Venecias q\u00eb do t\u00eb mbahet me 20 \u2013 21 mars 2020.<\/p>\n<p>Mazhoranca u t\u00ebrhoq nga votim i saj n\u00eb Kuvend n\u00eb janar duke pritur opinionin e \u2018Venecias\u2019 deri n\u00eb mars. Po ashtu edhe K\u00ebshilli i Europ\u00ebs e\u00a0\u00e7oi p\u00ebr opinion kurse OSBE d\u00ebrgoi q\u00ebndrimet e saj lidhur me k\u00ebt\u00eb Paket\u00eb e cila ka ngjallur debat n\u00eb politik\u00ebn dhe median shqiptare.<\/p>\n","protected":false},"excerpt":{"rendered":"<p>Z\u00ebvend\u00ebskryetarja e Kuvendit, znj. Vasilika Hysi, priti sot n\u00eb takim nj\u00eb delegacion nga Komisioni i Venecias, i p\u00ebrber\u00eb nga znj. Herdis KJERULF THORGEIRSDOTTIR, an\u00ebtare e Komisionit t\u00eb Venecias p\u00ebr Island\u00ebn, z. Michael FRENDO, an\u00ebtar i Komisionit t\u00eb Venecias p\u00ebr Malt\u00ebn, si dhe ekspert\u00eb t\u00eb Komisionit. Delegacioni ndodhet n\u00eb Shqip\u00ebri p\u00ebr t\u00eb p\u00ebrgatitur nj\u00eb opinion p\u00ebr [&hellip;]<\/p>\n","protected":false},"author":2013,"featured_media":121706,"comment_status":"open","ping_status":"closed","sticky":false,"template":"","format":"standard","meta":{"footnotes":""},"categories":[241,235],"tags":[],"class_list":{"0":"post-121705","1":"post","2":"type-post","3":"status-publish","4":"format-standard","5":"has-post-thumbnail","7":"category-aktualitet","8":"category-vendi"},"_links":{"self":[{"href":"https:\/\/zjarr.tv\/sq\/wp-json\/wp\/v2\/posts\/121705","targetHints":{"allow":["GET"]}}],"collection":[{"href":"https:\/\/zjarr.tv\/sq\/wp-json\/wp\/v2\/posts"}],"about":[{"href":"https:\/\/zjarr.tv\/sq\/wp-json\/wp\/v2\/types\/post"}],"author":[{"embeddable":true,"href":"https:\/\/zjarr.tv\/sq\/wp-json\/wp\/v2\/users\/2013"}],"replies":[{"embeddable":true,"href":"https:\/\/zjarr.tv\/sq\/wp-json\/wp\/v2\/comments?post=121705"}],"version-history":[{"count":0,"href":"https:\/\/zjarr.tv\/sq\/wp-json\/wp\/v2\/posts\/121705\/revisions"}],"wp:featuredmedia":[{"embeddable":true,"href":"https:\/\/zjarr.tv\/sq\/wp-json\/wp\/v2\/media\/121706"}],"wp:attachment":[{"href":"https:\/\/zjarr.tv\/sq\/wp-json\/wp\/v2\/media?parent=121705"}],"wp:term":[{"taxonomy":"category","embeddable":true,"href":"https:\/\/zjarr.tv\/sq\/wp-json\/wp\/v2\/categories?post=121705"},{"taxonomy":"post_tag","embeddable":true,"href":"https:\/\/zjarr.tv\/sq\/wp-json\/wp\/v2\/tags?post=121705"}],"curies":[{"name":"wp","href":"https:\/\/api.w.org\/{rel}","templated":true}]}}