{"id":121722,"date":"2020-02-10T15:50:44","date_gmt":"2020-02-10T14:50:44","guid":{"rendered":"https:\/\/zjarr.tv\/?p=121722"},"modified":"2020-02-10T15:50:44","modified_gmt":"2020-02-10T14:50:44","slug":"gjermani-drejtuesja-e-cdu-se-heq-dore-nga-kandidatura-per-kancelare","status":"publish","type":"post","link":"https:\/\/zjarr.tv\/sq\/gjermani-drejtuesja-e-cdu-se-heq-dore-nga-kandidatura-per-kancelare\/","title":{"rendered":"Gjermani: Drejtuesja e CDU-s\u00eb heq dor\u00eb nga kandidatura p\u00ebr kancelare"},"content":{"rendered":"<p>Drejtuesja e CDU-s\u00eb Annegret Kramp-Karrenbauer heq dor\u00eb nga kandidatura p\u00ebr kancelare dhe nga pozicioni i kryetares s\u00eb CDU-s\u00eb.<\/p>\n<p>Pas ngjarjeve n\u00eb landin e Tyringjis\u00eb jav\u00ebn e kaluar, ku nj\u00eb kryeminist\u00ebr liberal (FDP) u zgjodh me votat e partis\u00eb populiste t\u00eb djatht\u00eb, AfD dhe u dor\u00ebhoq pak dit\u00eb m\u00eb von\u00eb, kryetarja e partis\u00eb kristian-demokrate, CDU, Annegret Kramp-Karrenbauer ndeshi n\u00eb kritika t\u00eb forta q\u00eb vun\u00eb n\u00eb dyshim autoritetin e saj. Tani ajo vendosi t\u00eb heq\u00eb dor\u00eb si nga kandidatura p\u00ebr kancelare ashtu edhe nga pozicioni i kryetares s\u00eb CDU-s\u00eb, b\u00ebri t\u00eb ditur presidiumi i CDU-s\u00eb n\u00eb Berlin, sipas nj\u00eb z\u00ebdh\u00ebn\u00ebsi konservator.<\/p>\n<p>Kramp-Karrenbauer, tha n\u00eb presidium, citon dpa,se ka &#8220;nj\u00eb marr\u00ebdh\u00ebnie t\u00eb pasqaruar t\u00eb pjes\u00ebve t\u00eb CDU-s\u00eb, me AfD dhe T\u00eb Majt\u00ebt&#8221;. Ajo \u00ebsht\u00eb kund\u00ebr nj\u00eb bashk\u00ebpunimi me AfD dhe T\u00eb Majt\u00ebn. N\u00eb t\u00eb nj\u00ebjt\u00ebn koh\u00eb \u00ebsht\u00eb e qart\u00eb, q\u00eb kryesimi i partis\u00eb dhe kandidatura p\u00ebr kancelare \u00a0jan\u00eb n\u00eb nj\u00eb dor\u00eb. Sipas AKK n\u00eb ver\u00eb ajo do t\u00eb organizoj\u00eb procesin e kandidatur\u00ebs p\u00ebr kancelar, do ta p\u00ebrgatis\u00eb partin\u00eb p\u00ebr t\u00eb ardhmen dhe do t\u00eb dor\u00ebzoj\u00eb postin e kryetares, thuhet n\u00eb njoftimin e presidiumit t\u00eb CDU-s\u00eb. Njoftohet se Merkel do ta mbaj\u00eb Kramp-Karrenbauer si ministre t\u00eb Mbrojtjes.\/DW<\/p>\n","protected":false},"excerpt":{"rendered":"<p>Drejtuesja e CDU-s\u00eb Annegret Kramp-Karrenbauer heq dor\u00eb nga kandidatura p\u00ebr kancelare dhe nga pozicioni i kryetares s\u00eb CDU-s\u00eb. Pas ngjarjeve n\u00eb landin e Tyringjis\u00eb jav\u00ebn e kaluar, ku nj\u00eb kryeminist\u00ebr liberal (FDP) u zgjodh me votat e partis\u00eb populiste t\u00eb djatht\u00eb, AfD dhe u dor\u00ebhoq pak dit\u00eb m\u00eb von\u00eb, kryetarja e partis\u00eb kristian-demokrate, CDU, Annegret [&hellip;]<\/p>\n","protected":false},"author":2013,"featured_media":121723,"comment_status":"open","ping_status":"closed","sticky":false,"template":"","format":"standard","meta":{"footnotes":""},"categories":[241,191],"tags":[],"class_list":{"0":"post-121722","1":"post","2":"type-post","3":"status-publish","4":"format-standard","5":"has-post-thumbnail","7":"category-aktualitet","8":"category-bota"},"_links":{"self":[{"href":"https:\/\/zjarr.tv\/sq\/wp-json\/wp\/v2\/posts\/121722","targetHints":{"allow":["GET"]}}],"collection":[{"href":"https:\/\/zjarr.tv\/sq\/wp-json\/wp\/v2\/posts"}],"about":[{"href":"https:\/\/zjarr.tv\/sq\/wp-json\/wp\/v2\/types\/post"}],"author":[{"embeddable":true,"href":"https:\/\/zjarr.tv\/sq\/wp-json\/wp\/v2\/users\/2013"}],"replies":[{"embeddable":true,"href":"https:\/\/zjarr.tv\/sq\/wp-json\/wp\/v2\/comments?post=121722"}],"version-history":[{"count":0,"href":"https:\/\/zjarr.tv\/sq\/wp-json\/wp\/v2\/posts\/121722\/revisions"}],"wp:featuredmedia":[{"embeddable":true,"href":"https:\/\/zjarr.tv\/sq\/wp-json\/wp\/v2\/media\/121723"}],"wp:attachment":[{"href":"https:\/\/zjarr.tv\/sq\/wp-json\/wp\/v2\/media?parent=121722"}],"wp:term":[{"taxonomy":"category","embeddable":true,"href":"https:\/\/zjarr.tv\/sq\/wp-json\/wp\/v2\/categories?post=121722"},{"taxonomy":"post_tag","embeddable":true,"href":"https:\/\/zjarr.tv\/sq\/wp-json\/wp\/v2\/tags?post=121722"}],"curies":[{"name":"wp","href":"https:\/\/api.w.org\/{rel}","templated":true}]}}