{"id":121728,"date":"2020-02-10T16:06:06","date_gmt":"2020-02-10T15:06:06","guid":{"rendered":"https:\/\/zjarr.tv\/?p=121728"},"modified":"2020-02-10T16:06:06","modified_gmt":"2020-02-10T15:06:06","slug":"ne-treg-ushqime-te-pasigurta-aku-ka-pasur-denoncime","status":"publish","type":"post","link":"https:\/\/zjarr.tv\/sq\/ne-treg-ushqime-te-pasigurta-aku-ka-pasur-denoncime\/","title":{"rendered":"N\u00eb treg ushqime t\u00eb pasigurta, AKU: Ka pasur denoncime"},"content":{"rendered":"<p><em>N\u00eb tregjet shqiptare gjen leht\u00ebsisht produkte q\u00eb data e skadenc\u00ebs u fshihet leht\u00ebsisht. Por prej AKU deklarohet se ende nuk kan\u00eb konstatuar raste t\u00eb tilla, por kan\u00eb hasur n\u00eb denoncime q\u00eb nuk kan\u00eb rezultuar t\u00eb v\u00ebrteta. Konsumator\u00ebt shprehen t\u00eb shqet\u00ebsuar p\u00ebr f\u00ebmij\u00ebt, teksa shprehen se preferojn\u00eb tu japin ushqime me vete n\u00eb shkoll\u00eb.<\/em><\/p>\n<p>Pavar\u00ebsisht se disa produkteve u fshihet leht\u00ebsisht data e skadenc\u00ebs, AKU deklaron se nuk kan\u00eb verifikuar asnj\u00eb rast t\u00eb till\u00eb. Specialistja pran\u00eb AKU, Amarilda Keli, deklaron se ka pasur denoncime por pas verifikimeve nga inspektor\u00ebt, rastet nuk kan\u00eb rezultuar me shkelje.<\/p>\n<p><strong>Amarilda Keli:<\/strong>\u00a0<em>Ka pasur denoncime n\u00eb faqen zyrtare t\u00eb AKU p\u00ebr t\u00eb tilla raste. Pas marrjes s\u00eb njoftimit \u00ebsht\u00eb inspektuar operatori i biznesit, por nuk jan\u00eb evidentuar rasti.<\/em><\/p>\n<p>Por pavar\u00ebsisht se AKU nuk raporton p\u00ebr shkelje t\u00eb tilla, qytetar\u00ebt shprehen se nuk kan\u00eb besim te ajo \u00e7far\u00eb tregtohet, ndaj f\u00ebmij\u00ebve u japin ushqime t\u00eb p\u00ebrgatitur n\u00eb sht\u00ebpi.<\/p>\n<p><em>&#8220;Ia p\u00ebrgatisim n\u00eb sht\u00ebpi&#8221;<\/em><\/p>\n<p>N\u00eb VKM nr 1344 dat\u00eb 10.10. 2008 p\u00ebr etiketimin, neni 12 i saj pika 2 shpreh qart\u00eb se \u00a0t\u00eb dh\u00ebnat \u00a0n\u00eb ambalazhin e produktit duhet t\u00eb jen\u00eb leht\u00ebsisht t\u00eb dukshme e t\u00eb kuptueshme si dhe t\u00eb mos fshihen.\u00a0 \u00a0Por n\u00eb disa produkte q\u00eb tregtohen n\u00eb vendin ton\u00eb, k\u00ebsaj pike duket se nuk po i \u00a0kushtohet shum\u00eb r\u00ebnd\u00ebsi.<\/p>\n","protected":false},"excerpt":{"rendered":"<p>N\u00eb tregjet shqiptare gjen leht\u00ebsisht produkte q\u00eb data e skadenc\u00ebs u fshihet leht\u00ebsisht. Por prej AKU deklarohet se ende nuk kan\u00eb konstatuar raste t\u00eb tilla, por kan\u00eb hasur n\u00eb denoncime q\u00eb nuk kan\u00eb rezultuar t\u00eb v\u00ebrteta. Konsumator\u00ebt shprehen t\u00eb shqet\u00ebsuar p\u00ebr f\u00ebmij\u00ebt, teksa shprehen se preferojn\u00eb tu japin ushqime me vete n\u00eb shkoll\u00eb. Pavar\u00ebsisht se [&hellip;]<\/p>\n","protected":false},"author":2013,"featured_media":83136,"comment_status":"open","ping_status":"closed","sticky":false,"template":"","format":"standard","meta":{"footnotes":""},"categories":[241],"tags":[],"class_list":{"0":"post-121728","1":"post","2":"type-post","3":"status-publish","4":"format-standard","5":"has-post-thumbnail","7":"category-aktualitet"},"_links":{"self":[{"href":"https:\/\/zjarr.tv\/sq\/wp-json\/wp\/v2\/posts\/121728","targetHints":{"allow":["GET"]}}],"collection":[{"href":"https:\/\/zjarr.tv\/sq\/wp-json\/wp\/v2\/posts"}],"about":[{"href":"https:\/\/zjarr.tv\/sq\/wp-json\/wp\/v2\/types\/post"}],"author":[{"embeddable":true,"href":"https:\/\/zjarr.tv\/sq\/wp-json\/wp\/v2\/users\/2013"}],"replies":[{"embeddable":true,"href":"https:\/\/zjarr.tv\/sq\/wp-json\/wp\/v2\/comments?post=121728"}],"version-history":[{"count":0,"href":"https:\/\/zjarr.tv\/sq\/wp-json\/wp\/v2\/posts\/121728\/revisions"}],"wp:featuredmedia":[{"embeddable":true,"href":"https:\/\/zjarr.tv\/sq\/wp-json\/wp\/v2\/media\/83136"}],"wp:attachment":[{"href":"https:\/\/zjarr.tv\/sq\/wp-json\/wp\/v2\/media?parent=121728"}],"wp:term":[{"taxonomy":"category","embeddable":true,"href":"https:\/\/zjarr.tv\/sq\/wp-json\/wp\/v2\/categories?post=121728"},{"taxonomy":"post_tag","embeddable":true,"href":"https:\/\/zjarr.tv\/sq\/wp-json\/wp\/v2\/tags?post=121728"}],"curies":[{"name":"wp","href":"https:\/\/api.w.org\/{rel}","templated":true}]}}