{"id":121730,"date":"2020-02-10T16:09:06","date_gmt":"2020-02-10T15:09:06","guid":{"rendered":"https:\/\/zjarr.tv\/?p=121730"},"modified":"2020-02-10T16:09:06","modified_gmt":"2020-02-10T15:09:06","slug":"i-riu-shqiptar-humbi-jeten-ne-burg-ja-cfare-thote-ministria-e-jashtme-per-rastin","status":"publish","type":"post","link":"https:\/\/zjarr.tv\/sq\/i-riu-shqiptar-humbi-jeten-ne-burg-ja-cfare-thote-ministria-e-jashtme-per-rastin\/","title":{"rendered":"I riu shqiptar humbi jet\u00ebn n\u00eb burg, ja \u00e7far\u00eb thot\u00eb Ministria e Jashtme p\u00ebr rastin"},"content":{"rendered":"<p>Mentor Rexha humbi jet\u00ebn n\u00eb nj\u00eb burg n\u00eb Lorient t\u00eb Franc\u00ebs, ende n\u00eb rrethana t\u00eb paqarta. Shtetit francez thot\u00eb se i riu \u00ebsht\u00eb vet\u00ebvrar\u00eb nd\u00ebrsa t\u00eb af\u00ebrmit e tij ngren\u00eb dyshime se \u00ebsht\u00eb vrar\u00eb, kjo pas konstatimit t\u00eb shenjave t\u00eb dhun\u00ebs n\u00eb trup.Lidhur mbi rastin ka reaguar edhe Ministria p\u00ebr Europ\u00ebn dhe Pun\u00ebt e Jashtme. p\u00ebrmes nj\u00eb njoftimi p\u00ebr shtyp.<\/p>\n<p>MEPJ sqaron se sipas autoriteteve t\u00eb policis\u00eb franceze, Rexha \u00ebsht\u00eb vet\u00ebvrar\u00eb n\u00eb ambientet e burgut francez gjat\u00eb nat\u00ebs s\u00eb 31 janarit 2020.<\/p>\n<p>Po ashtu ministria sqaron se Ambasada shqiptare n\u00eb Franc\u00eb \u00ebsht\u00eb njoftuar nga t\u00eb af\u00ebrmit e t\u00eb ndjerit dit\u00ebn e diel, (2 shkurt), dhe q\u00eb nga ajo dit\u00eb e n\u00eb vazhdim, sh\u00ebrbimi konsullor i Ambasad\u00ebs ka qen\u00eb n\u00eb kontakt t\u00eb vazhduesh\u00ebm me familjar\u00ebt e tij, p\u00ebr t\u00eb mund\u00ebsuar vendosjen e kontakteve me qendr\u00ebn penitenciare t\u00eb Lorient, si dhe p\u00ebr t\u00eb leht\u00ebsuar udh\u00ebtimin e nj\u00ebrit prej familjar\u00ebve t\u00eb tij nga Italia n\u00eb Franc\u00eb.<\/p>\n<p>\u201cAmbasada shqiptare n\u00eb Franc\u00eb njofton se, q\u00eb nga momenti i njohjes me ngjarjen, ka p\u00ebrcjell\u00eb nga af\u00ebr \u00e7do praktik\u00eb ligjore dhe ka q\u00ebndruar n\u00eb kontakte t\u00eb pand\u00ebrprera me familjar\u00ebt e shtetasit shqiptar, Mentor Rexha.<\/p>\n<p>Dit\u00ebn e shtun\u00eb, dat\u00eb 8 shkurt 2020, t\u00eb af\u00ebrmit mund\u00ebn t\u00eb vizitojn\u00eb trupin e t\u00eb ndjerit. Gjat\u00eb kontaktit me Ambasad\u00ebn shqiptare, ata shpreh\u00ebn dyshime lidhur me shkaqet e vdekjes s\u00eb tij. Bazuar n\u00eb k\u00ebto pretendime, Ambasada shqiptare n\u00eb Franc\u00eb ka k\u00ebrkuar informacion suplementar nga autoritetet franceze mbi ngjarjen dhe ka sugjeruar q\u00eb paralelisht familja e t\u00eb ndjerit t\u00eb kontaktoj\u00eb nj\u00eb avokat p\u00ebr ndjekjen e \u00e7\u00ebshtjes nga ana ligjore.<\/p>\n<p>Ambasada \u00ebsht\u00eb n\u00eb pritje t\u00eb nj\u00eb informacioni zyrtar m\u00eb t\u00eb detajuar nga ana e autoriteteve policore dhe gjyq\u00ebsore franceze, n\u00eb lidhje me t\u00eb gjitha pretendimet dhe dyshimet e ngritura nga t\u00eb af\u00ebrmit e shtetasit Mentor Rexha.<\/p>\n<p>N\u00eb lidhje me procedurat e kthimit t\u00eb trupit t\u00eb shtetasit Mentor Rexha n\u00eb Shqip\u00ebri, Ambasada i ka informuar familjar\u00ebt sipas legjislacionit n\u00eb fuqi. Ministria p\u00ebr Evrop\u00ebn dhe Pun\u00ebt e Jashtme, si dhe Ambasada shqiptare n\u00eb Franc\u00eb mbeten t\u00eb angazhuara p\u00ebr zbardhjen e ngjarjes me autoritetet franceze dhe kthimin e shpejt\u00eb t\u00eb trupit t\u00eb t\u00eb ndjerit n\u00eb atdhe.\u201d, -thuhet n\u00eb njoftimin e ministris\u00eb.<\/p>\n","protected":false},"excerpt":{"rendered":"<p>Mentor Rexha humbi jet\u00ebn n\u00eb nj\u00eb burg n\u00eb Lorient t\u00eb Franc\u00ebs, ende n\u00eb rrethana t\u00eb paqarta. Shtetit francez thot\u00eb se i riu \u00ebsht\u00eb vet\u00ebvrar\u00eb nd\u00ebrsa t\u00eb af\u00ebrmit e tij ngren\u00eb dyshime se \u00ebsht\u00eb vrar\u00eb, kjo pas konstatimit t\u00eb shenjave t\u00eb dhun\u00ebs n\u00eb trup.Lidhur mbi rastin ka reaguar edhe Ministria p\u00ebr Europ\u00ebn dhe Pun\u00ebt e Jashtme. [&hellip;]<\/p>\n","protected":false},"author":2013,"featured_media":121731,"comment_status":"open","ping_status":"closed","sticky":false,"template":"","format":"standard","meta":{"footnotes":""},"categories":[241,235],"tags":[],"class_list":{"0":"post-121730","1":"post","2":"type-post","3":"status-publish","4":"format-standard","5":"has-post-thumbnail","7":"category-aktualitet","8":"category-vendi"},"_links":{"self":[{"href":"https:\/\/zjarr.tv\/sq\/wp-json\/wp\/v2\/posts\/121730","targetHints":{"allow":["GET"]}}],"collection":[{"href":"https:\/\/zjarr.tv\/sq\/wp-json\/wp\/v2\/posts"}],"about":[{"href":"https:\/\/zjarr.tv\/sq\/wp-json\/wp\/v2\/types\/post"}],"author":[{"embeddable":true,"href":"https:\/\/zjarr.tv\/sq\/wp-json\/wp\/v2\/users\/2013"}],"replies":[{"embeddable":true,"href":"https:\/\/zjarr.tv\/sq\/wp-json\/wp\/v2\/comments?post=121730"}],"version-history":[{"count":0,"href":"https:\/\/zjarr.tv\/sq\/wp-json\/wp\/v2\/posts\/121730\/revisions"}],"wp:featuredmedia":[{"embeddable":true,"href":"https:\/\/zjarr.tv\/sq\/wp-json\/wp\/v2\/media\/121731"}],"wp:attachment":[{"href":"https:\/\/zjarr.tv\/sq\/wp-json\/wp\/v2\/media?parent=121730"}],"wp:term":[{"taxonomy":"category","embeddable":true,"href":"https:\/\/zjarr.tv\/sq\/wp-json\/wp\/v2\/categories?post=121730"},{"taxonomy":"post_tag","embeddable":true,"href":"https:\/\/zjarr.tv\/sq\/wp-json\/wp\/v2\/tags?post=121730"}],"curies":[{"name":"wp","href":"https:\/\/api.w.org\/{rel}","templated":true}]}}