{"id":121737,"date":"2020-02-11T10:03:03","date_gmt":"2020-02-11T09:03:03","guid":{"rendered":"https:\/\/zjarr.tv\/?p=121737"},"modified":"2020-02-11T10:03:03","modified_gmt":"2020-02-11T09:03:03","slug":"pritet-me-nderime-ne-pallatin-e-brigadave-kryeministri-i-kosoves-albin-kurti","status":"publish","type":"post","link":"https:\/\/zjarr.tv\/sq\/pritet-me-nderime-ne-pallatin-e-brigadave-kryeministri-i-kosoves-albin-kurti\/","title":{"rendered":"Pritet me nderime n\u00eb Pallatin e Brigadave, Kryeministri i Kosov\u00ebs Albin Kurti"},"content":{"rendered":"<p>Kryeministri i Kosov\u00ebs Albin Kurti \u00ebsht\u00eb pritur me ceremoni n\u00eb Pallatin e Brigadave nga kryeministri i Shqip\u00ebris\u00eb Edi Rama. Kjo \u00ebsht\u00eb vizita e par\u00eb zyrtare n\u00eb Shqip\u00ebri dhe e para jasht\u00eb Kosov\u00ebs si Kryeminist\u00ebr, e Albin Kurtit.<\/p>\n<div class=\"readmore-text-here\">\n<p><img decoding=\"async\" src=\"https:\/\/www.syri.net\/uploads\/syri.net\/images\/2020\/February\/11\/auto_Screenshot_41581408572.png\" alt=\"Image\" \/><\/p>\n<p><img decoding=\"async\" src=\"https:\/\/www.syri.net\/uploads\/syri.net\/images\/2020\/February\/11\/auto_Screenshot_31581408640.png\" alt=\"Image\" \/><\/p>\n<div id=\"rekl-13\">\n<div id=\"__sap-ad-15\" class=\"__sap-ads __sap-html\" data-title=\"Credins desktop Brenda lajmit 08\"><\/div>\n<\/div>\n<div id=\"rekl-4\"><\/div>\n<p><img decoding=\"async\" src=\"https:\/\/www.syri.net\/uploads\/syri.net\/images\/2020\/February\/11\/auto_Screenshot_21581408657.png\" alt=\"Image\" \/><\/p>\n<div id=\"rekl-42\"><\/div>\n<p><img decoding=\"async\" src=\"https:\/\/www.syri.net\/uploads\/syri.net\/images\/2020\/February\/11\/auto_Screenshot_11581408665.png\" alt=\"Image\" \/><\/p>\n<\/div>\n","protected":false},"excerpt":{"rendered":"<p>Kryeministri i Kosov\u00ebs Albin Kurti \u00ebsht\u00eb pritur me ceremoni n\u00eb Pallatin e Brigadave nga kryeministri i Shqip\u00ebris\u00eb Edi Rama. Kjo \u00ebsht\u00eb vizita e par\u00eb zyrtare n\u00eb Shqip\u00ebri dhe e para jasht\u00eb Kosov\u00ebs si Kryeminist\u00ebr, e Albin Kurtit.<\/p>\n","protected":false},"author":2013,"featured_media":121739,"comment_status":"open","ping_status":"closed","sticky":false,"template":"","format":"standard","meta":{"footnotes":""},"categories":[241,235],"tags":[],"class_list":{"0":"post-121737","1":"post","2":"type-post","3":"status-publish","4":"format-standard","5":"has-post-thumbnail","7":"category-aktualitet","8":"category-vendi"},"_links":{"self":[{"href":"https:\/\/zjarr.tv\/sq\/wp-json\/wp\/v2\/posts\/121737","targetHints":{"allow":["GET"]}}],"collection":[{"href":"https:\/\/zjarr.tv\/sq\/wp-json\/wp\/v2\/posts"}],"about":[{"href":"https:\/\/zjarr.tv\/sq\/wp-json\/wp\/v2\/types\/post"}],"author":[{"embeddable":true,"href":"https:\/\/zjarr.tv\/sq\/wp-json\/wp\/v2\/users\/2013"}],"replies":[{"embeddable":true,"href":"https:\/\/zjarr.tv\/sq\/wp-json\/wp\/v2\/comments?post=121737"}],"version-history":[{"count":0,"href":"https:\/\/zjarr.tv\/sq\/wp-json\/wp\/v2\/posts\/121737\/revisions"}],"wp:featuredmedia":[{"embeddable":true,"href":"https:\/\/zjarr.tv\/sq\/wp-json\/wp\/v2\/media\/121739"}],"wp:attachment":[{"href":"https:\/\/zjarr.tv\/sq\/wp-json\/wp\/v2\/media?parent=121737"}],"wp:term":[{"taxonomy":"category","embeddable":true,"href":"https:\/\/zjarr.tv\/sq\/wp-json\/wp\/v2\/categories?post=121737"},{"taxonomy":"post_tag","embeddable":true,"href":"https:\/\/zjarr.tv\/sq\/wp-json\/wp\/v2\/tags?post=121737"}],"curies":[{"name":"wp","href":"https:\/\/api.w.org\/{rel}","templated":true}]}}