{"id":121742,"date":"2020-02-11T10:04:34","date_gmt":"2020-02-11T09:04:34","guid":{"rendered":"https:\/\/zjarr.tv\/?p=121742"},"modified":"2020-02-11T10:04:34","modified_gmt":"2020-02-11T09:04:34","slug":"ne-mesdite-temperaturat-deri-ne-18c","status":"publish","type":"post","link":"https:\/\/zjarr.tv\/sq\/ne-mesdite-temperaturat-deri-ne-18c\/","title":{"rendered":"N\u00eb mesdit\u00eb temperaturat deri n\u00eb 18\u00b0C"},"content":{"rendered":"<p>Zonat veriore do t\u00eb vijojn\u00eb edhe gjat\u00eb m\u00ebngjesit t\u00eb sot\u00ebm me reshje t\u00eb pakta shiu e d\u00ebbore, nd\u00ebrsa qendra dhe jugu paraqiten n\u00eb ndikimin e motit t\u00eb kthjell\u00ebt. Por sipas Meteoalb duke filluar nga mesdita dhe n\u00eb vijim vran\u00ebsira largohen nga i gjith\u00eb territori shqiptar duke b\u00ebr\u00eb q\u00eb kthjellimet t\u00eb jen\u00eb mbizot\u00ebruese.<\/p>\n<p>Temperaturat e ajrit rriten leht\u00eb n\u00eb m\u00ebngjes, por rritje t\u00eb ndjeshme sjellin or\u00ebt e mesdit\u00ebs duke luhatur vlerat ditore nga -1\u00b0C n\u00eb 18\u00b0C. Era do fryj\u00eb mesatare me shpejt\u00ebsi 45-50 km\/h nga drejtimi Jugor duke krijuar n\u00eb det dallg\u00ebzim mbi 4 ball\u00eb.<\/p>\n","protected":false},"excerpt":{"rendered":"<p>Zonat veriore do t\u00eb vijojn\u00eb edhe gjat\u00eb m\u00ebngjesit t\u00eb sot\u00ebm me reshje t\u00eb pakta shiu e d\u00ebbore, nd\u00ebrsa qendra dhe jugu paraqiten n\u00eb ndikimin e motit t\u00eb kthjell\u00ebt. Por sipas Meteoalb duke filluar nga mesdita dhe n\u00eb vijim vran\u00ebsira largohen nga i gjith\u00eb territori shqiptar duke b\u00ebr\u00eb q\u00eb kthjellimet t\u00eb jen\u00eb mbizot\u00ebruese. Temperaturat e ajrit [&hellip;]<\/p>\n","protected":false},"author":2013,"featured_media":121743,"comment_status":"open","ping_status":"closed","sticky":false,"template":"","format":"standard","meta":{"footnotes":""},"categories":[241,235],"tags":[],"class_list":{"0":"post-121742","1":"post","2":"type-post","3":"status-publish","4":"format-standard","5":"has-post-thumbnail","7":"category-aktualitet","8":"category-vendi"},"_links":{"self":[{"href":"https:\/\/zjarr.tv\/sq\/wp-json\/wp\/v2\/posts\/121742","targetHints":{"allow":["GET"]}}],"collection":[{"href":"https:\/\/zjarr.tv\/sq\/wp-json\/wp\/v2\/posts"}],"about":[{"href":"https:\/\/zjarr.tv\/sq\/wp-json\/wp\/v2\/types\/post"}],"author":[{"embeddable":true,"href":"https:\/\/zjarr.tv\/sq\/wp-json\/wp\/v2\/users\/2013"}],"replies":[{"embeddable":true,"href":"https:\/\/zjarr.tv\/sq\/wp-json\/wp\/v2\/comments?post=121742"}],"version-history":[{"count":0,"href":"https:\/\/zjarr.tv\/sq\/wp-json\/wp\/v2\/posts\/121742\/revisions"}],"wp:featuredmedia":[{"embeddable":true,"href":"https:\/\/zjarr.tv\/sq\/wp-json\/wp\/v2\/media\/121743"}],"wp:attachment":[{"href":"https:\/\/zjarr.tv\/sq\/wp-json\/wp\/v2\/media?parent=121742"}],"wp:term":[{"taxonomy":"category","embeddable":true,"href":"https:\/\/zjarr.tv\/sq\/wp-json\/wp\/v2\/categories?post=121742"},{"taxonomy":"post_tag","embeddable":true,"href":"https:\/\/zjarr.tv\/sq\/wp-json\/wp\/v2\/tags?post=121742"}],"curies":[{"name":"wp","href":"https:\/\/api.w.org\/{rel}","templated":true}]}}