{"id":121745,"date":"2020-02-11T10:05:45","date_gmt":"2020-02-11T09:05:45","guid":{"rendered":"https:\/\/zjarr.tv\/?p=121745"},"modified":"2020-02-11T10:05:45","modified_gmt":"2020-02-11T09:05:45","slug":"dw-eurodeputetet-pro-propozimeve-per-reformimin-e-negociatave-te-anetaresimit-per-shqiperine-e-maqedonine-e-veriut","status":"publish","type":"post","link":"https:\/\/zjarr.tv\/sq\/dw-eurodeputetet-pro-propozimeve-per-reformimin-e-negociatave-te-anetaresimit-per-shqiperine-e-maqedonine-e-veriut\/","title":{"rendered":"DW: Eurodeputet\u00ebt pro propozimeve p\u00ebr reformimin e negociatave t\u00eb an\u00ebtar\u00ebsimit p\u00ebr Shqip\u00ebrin\u00eb e Maqedonin\u00eb e Veriut"},"content":{"rendered":"<p>Deputet\u00ebt e Parlamentit Europian i kan\u00eb mb\u00ebshtetur t\u00eb m\u00ebrkur\u00ebn propozimet e reja t\u00eb Komisionit Europian p\u00ebr reform\u00ebn e procesit t\u00eb zgjerimit t\u00eb BE me vende t\u00eb tjera. Kjo reform\u00eb u b\u00eb e nevojshme pas k\u00ebmb\u00ebnguljes s\u00eb Franc\u00ebs, se para zgjerimit me vende t\u00eb tjera e \u00e7eljes s\u00eb negociatave me Shqip\u00ebrin\u00eb dhe Maqedonin\u00eb e Veriut duhet t\u00eb kryhet nj\u00ebher\u00eb reforma e procesit nga vet\u00eb BE. Propozimet e reja duket se mir\u00ebpriten tani nga eurodeputet\u00ebt.<\/p>\n<p>Eurodeputetja\u00a0hungareze, Kinga Gal nga grupi i parlamentar i partive popullore (EVP) u shpreh t\u00eb h\u00ebn\u00ebn (10.02) n\u00eb seanc\u00ebn plenare t\u00eb Parlamentit Europian n\u00eb Strasburg, se k\u00ebto propozime jan\u00eb nj\u00eb ur\u00eb p\u00ebr t\u00eb zgjidhur problemin e negociatave t\u00eb ngecura me Shqip\u00ebrin\u00eb e Maqedonin\u00eb e Veriut. Kurse i ngarkuari i BE-s\u00eb p\u00ebr zgjerimin, Oliver Varhelyi tha se procesi i negociatave duhet t\u00eb b\u00ebhet m\u00eb i besuesh\u00ebm. Eurodeputeti bullgar, Ilhan Kyuchuk nga grupi parlamentar liberal Renew n\u00eb plenumin e Strasburgut theksoi, se metodologjia e re tani duhet t\u00eb sjell\u00eb dinamik\u00eb n\u00eb procesin e negociatave dhe jo ta b\u00ebj\u00eb procesin m\u00eb t\u00eb komplikuar.<\/p>\n<div class=\"picBox medium \"><a href=\"https:\/\/www.dw.com\/image\/51235921_404.jpg\" rel=\"lightbox\"><img decoding=\"async\" title=\"Belgien l Europaparlament befragt Ersatzkandidaten f\u00fcr von der Leyens EU-Kommission - Oliver Varhelyi (Getty Images\/AFP\/J. Thys)\" src=\"https:\/\/www.dw.com\/image\/51235921_404.jpg\" alt=\"Belgien l Europaparlament befragt Ersatzkandidaten f\u00fcr von der Leyens EU-Kommission - Oliver Varhelyi (Getty Images\/AFP\/J. Thys)\" \/><\/a><\/div>\n<p><strong>Merkel-Orban: Samiti i BE-s\u00eb n\u00eb mars sinjali i hapjes s\u00eb negociatave<\/strong><\/p>\n<p>Procesi i integrimit t\u00eb Ballkanit Per\u00ebndimor n\u00eb BE ishte tem\u00eb bisedimi edhe n\u00eb vizit\u00ebn e kryeministrit hungarez, Viktor Orban me kancelaren Merkel t\u00eb h\u00ebn\u00ebn n\u00eb Berlin. Merkel dhe Orban p\u00ebrforcuan q\u00ebndrimin, se samiti i BE-s\u00eb n\u00eb mars duhet t\u00eb jap\u00eb sinjalin e hapjes s\u00eb bisedimeve t\u00eb an\u00ebtar\u00ebsimit me Shqip\u00ebrin\u00eb dhe Maqedonin\u00eb e Veriut. Orban nga ana e tij k\u00ebrkoi q\u00eb t\u00eb p\u00ebrfundojn\u00eb bisedimet e an\u00ebtar\u00ebsimit me Serbin\u00eb. \u201cBisedimet me Serbin\u00eb duhet t\u00eb p\u00ebrshpejtohen dhe t\u00eb p\u00ebrmbyllen\u201d tha Viktor Orban para takimit me kancelaren Merkel. \u201cVet\u00ebm k\u00ebshtu mund t\u00eb arrihet stabilizimi i rajonit t\u00eb Ballkanit Per\u00ebndimor.\u201d<\/p>\n<div class=\"picBox medium rechts \"><a href=\"https:\/\/www.dw.com\/image\/50075504_404.jpg\" rel=\"lightbox\"><img decoding=\"async\" title=\"Br\u00fcssel Angela Merkel und Viktor Orban (picture-alliance\/dpa\/Xinhua\/Ye Pingfan)\" src=\"https:\/\/www.dw.com\/image\/50075504_404.jpg\" alt=\"Br\u00fcssel Angela Merkel und Viktor Orban (picture-alliance\/dpa\/Xinhua\/Ye Pingfan)\" \/><\/a><\/div>\n<p>\u00c7elja e negociatave me Shqip\u00ebrin\u00eb dhe Maqedonin\u00eb e Veriut u bllokua n\u00eb vjesht\u00ebn e vitit t\u00eb kaluar p\u00ebr shkak t\u00eb vetos franceze. Presidenti francez, Macron k\u00ebrkoi reformimin e procesit. Tani propozimi i ri i Komisionit parashikon q\u00eb 35 kapitujt e an\u00ebtar\u00ebsimit t\u00eb ndahen n\u00eb gjasht\u00eb grupime tematike. Negociatat do duhet t\u00eb fillohen tek t\u00eb gjasht\u00eb tematikat. Me k\u00ebt\u00eb Komisioni Europian shpreson q\u00eb t\u00eb ket\u00eb sukses \u00e7elja e negociatave me Shqip\u00ebrin\u00eb e Maqedonin\u00eb e Veriut n\u00eb samitin e BE n\u00eb Maj n\u00eb Zagreb.\/<strong>DW<\/strong><\/p>\n","protected":false},"excerpt":{"rendered":"<p>Deputet\u00ebt e Parlamentit Europian i kan\u00eb mb\u00ebshtetur t\u00eb m\u00ebrkur\u00ebn propozimet e reja t\u00eb Komisionit Europian p\u00ebr reform\u00ebn e procesit t\u00eb zgjerimit t\u00eb BE me vende t\u00eb tjera. Kjo reform\u00eb u b\u00eb e nevojshme pas k\u00ebmb\u00ebnguljes s\u00eb Franc\u00ebs, se para zgjerimit me vende t\u00eb tjera e \u00e7eljes s\u00eb negociatave me Shqip\u00ebrin\u00eb dhe Maqedonin\u00eb e Veriut duhet [&hellip;]<\/p>\n","protected":false},"author":2013,"featured_media":121747,"comment_status":"open","ping_status":"closed","sticky":false,"template":"","format":"standard","meta":{"footnotes":""},"categories":[241,235],"tags":[],"class_list":{"0":"post-121745","1":"post","2":"type-post","3":"status-publish","4":"format-standard","5":"has-post-thumbnail","7":"category-aktualitet","8":"category-vendi"},"_links":{"self":[{"href":"https:\/\/zjarr.tv\/sq\/wp-json\/wp\/v2\/posts\/121745","targetHints":{"allow":["GET"]}}],"collection":[{"href":"https:\/\/zjarr.tv\/sq\/wp-json\/wp\/v2\/posts"}],"about":[{"href":"https:\/\/zjarr.tv\/sq\/wp-json\/wp\/v2\/types\/post"}],"author":[{"embeddable":true,"href":"https:\/\/zjarr.tv\/sq\/wp-json\/wp\/v2\/users\/2013"}],"replies":[{"embeddable":true,"href":"https:\/\/zjarr.tv\/sq\/wp-json\/wp\/v2\/comments?post=121745"}],"version-history":[{"count":0,"href":"https:\/\/zjarr.tv\/sq\/wp-json\/wp\/v2\/posts\/121745\/revisions"}],"wp:featuredmedia":[{"embeddable":true,"href":"https:\/\/zjarr.tv\/sq\/wp-json\/wp\/v2\/media\/121747"}],"wp:attachment":[{"href":"https:\/\/zjarr.tv\/sq\/wp-json\/wp\/v2\/media?parent=121745"}],"wp:term":[{"taxonomy":"category","embeddable":true,"href":"https:\/\/zjarr.tv\/sq\/wp-json\/wp\/v2\/categories?post=121745"},{"taxonomy":"post_tag","embeddable":true,"href":"https:\/\/zjarr.tv\/sq\/wp-json\/wp\/v2\/tags?post=121745"}],"curies":[{"name":"wp","href":"https:\/\/api.w.org\/{rel}","templated":true}]}}