{"id":121774,"date":"2020-02-11T11:47:30","date_gmt":"2020-02-11T10:47:30","guid":{"rendered":"https:\/\/zjarr.tv\/?p=121774"},"modified":"2020-02-11T11:47:30","modified_gmt":"2020-02-11T10:47:30","slug":"reforma-zgjedhore-ekspertet-e-osbe-odihr-mberrijne-ne-tirane","status":"publish","type":"post","link":"https:\/\/zjarr.tv\/sq\/reforma-zgjedhore-ekspertet-e-osbe-odihr-mberrijne-ne-tirane\/","title":{"rendered":"Reforma zgjedhore, ekspert\u00ebt e OSBE-ODIHR mb\u00ebrrijn\u00eb n\u00eb Tiran\u00eb"},"content":{"rendered":"<p>Ekspert\u00ebt e OSBE-ODIHR kan\u00eb mb\u00ebrritur n\u00eb Tiran\u00eb p\u00ebr reform\u00ebn zgjedhore.<\/p>\n<p>Ata do t\u00eb zhvillojn\u00eb takim me K\u00ebshillin Politik n\u00eb or\u00ebn 17:00 p\u00ebr reform\u00ebn zgjedhore.<\/p>\n<p>Dy bashk\u00ebkryetar\u00ebt e Komisionit Parlamentar p\u00ebr \u00a0Reform\u00ebn Zgjedhore Damian Gjiknuri dhe Rudina Hajdari i pat\u00ebn k\u00ebrkuar zyrtarisht OSBE-ODIHR q\u00eb t\u00eb d\u00ebrgojn\u00eb nj\u00eb ekspert q\u00eb do t\u00eb punoj\u00eb s\u00eb bashku me ekspertet vendas n\u00eb hartimin e drafteve p\u00ebrfundimtare.<\/p>\n<p>P\u00ebr k\u00ebt\u00eb reform\u00eb jan\u00eb caktuar 6 ekspert\u00eb ligjor\u00eb p\u00ebr hartimin e reform\u00ebs, nd\u00ebr to dy nga opozita joparlamentare, dy nga Komisioni p\u00ebr Reform\u00ebn Zgjedhore (mazhoranca dhe opozita parlamentare) dhe dy t\u00eb jasht\u00ebm.<\/p>\n","protected":false},"excerpt":{"rendered":"<p>Ekspert\u00ebt e OSBE-ODIHR kan\u00eb mb\u00ebrritur n\u00eb Tiran\u00eb p\u00ebr reform\u00ebn zgjedhore. Ata do t\u00eb zhvillojn\u00eb takim me K\u00ebshillin Politik n\u00eb or\u00ebn 17:00 p\u00ebr reform\u00ebn zgjedhore. Dy bashk\u00ebkryetar\u00ebt e Komisionit Parlamentar p\u00ebr \u00a0Reform\u00ebn Zgjedhore Damian Gjiknuri dhe Rudina Hajdari i pat\u00ebn k\u00ebrkuar zyrtarisht OSBE-ODIHR q\u00eb t\u00eb d\u00ebrgojn\u00eb nj\u00eb ekspert q\u00eb do t\u00eb punoj\u00eb s\u00eb bashku me ekspertet [&hellip;]<\/p>\n","protected":false},"author":2013,"featured_media":121775,"comment_status":"open","ping_status":"closed","sticky":false,"template":"","format":"standard","meta":{"footnotes":""},"categories":[241,235],"tags":[],"class_list":{"0":"post-121774","1":"post","2":"type-post","3":"status-publish","4":"format-standard","5":"has-post-thumbnail","7":"category-aktualitet","8":"category-vendi"},"_links":{"self":[{"href":"https:\/\/zjarr.tv\/sq\/wp-json\/wp\/v2\/posts\/121774","targetHints":{"allow":["GET"]}}],"collection":[{"href":"https:\/\/zjarr.tv\/sq\/wp-json\/wp\/v2\/posts"}],"about":[{"href":"https:\/\/zjarr.tv\/sq\/wp-json\/wp\/v2\/types\/post"}],"author":[{"embeddable":true,"href":"https:\/\/zjarr.tv\/sq\/wp-json\/wp\/v2\/users\/2013"}],"replies":[{"embeddable":true,"href":"https:\/\/zjarr.tv\/sq\/wp-json\/wp\/v2\/comments?post=121774"}],"version-history":[{"count":0,"href":"https:\/\/zjarr.tv\/sq\/wp-json\/wp\/v2\/posts\/121774\/revisions"}],"wp:featuredmedia":[{"embeddable":true,"href":"https:\/\/zjarr.tv\/sq\/wp-json\/wp\/v2\/media\/121775"}],"wp:attachment":[{"href":"https:\/\/zjarr.tv\/sq\/wp-json\/wp\/v2\/media?parent=121774"}],"wp:term":[{"taxonomy":"category","embeddable":true,"href":"https:\/\/zjarr.tv\/sq\/wp-json\/wp\/v2\/categories?post=121774"},{"taxonomy":"post_tag","embeddable":true,"href":"https:\/\/zjarr.tv\/sq\/wp-json\/wp\/v2\/tags?post=121774"}],"curies":[{"name":"wp","href":"https:\/\/api.w.org\/{rel}","templated":true}]}}