{"id":121777,"date":"2020-02-11T12:20:35","date_gmt":"2020-02-11T11:20:35","guid":{"rendered":"https:\/\/zjarr.tv\/?p=121777"},"modified":"2020-02-11T12:20:35","modified_gmt":"2020-02-11T11:20:35","slug":"emerohen-10-prokurore-te-rinj-ja-ne-cilat-qytete","status":"publish","type":"post","link":"https:\/\/zjarr.tv\/sq\/emerohen-10-prokurore-te-rinj-ja-ne-cilat-qytete\/","title":{"rendered":"Em\u00ebrohen 10 prokuror\u00eb t\u00eb rinj, ja n\u00eb cilat qytete"},"content":{"rendered":"<p>Em\u00ebrohen 10 prokuror\u00eb t\u00eb rinj.<\/p>\n<p>Vendimi \u00ebsht\u00eb marr\u00eb gjat\u00eb mbledhjes s\u00eb sotme t\u00eb K\u00ebshillit t\u00eb Lart\u00eb t\u00eb Prokuroris\u00eb.<\/p>\n<p>Prokuror\u00ebt e rinj, deri m\u00eb tani kan\u00eb qen\u00eb magjistrat\u00eb.<\/p>\n<p><strong>Em\u00ebrimet e reja:<\/strong><\/p>\n<p><em>G\u00ebzim Spahiu em\u00ebrohet si prokuror dhe caktohet ne Prokurorin\u00eb pran\u00eb Shkall\u00ebs s\u00eb par\u00eb Shkod\u00ebr.<\/em><\/p>\n<p><em>Pierin \u00c7ukaj em\u00ebrohet si prokuror dhe caktohet ne Prokurorin\u00eb pran\u00eb Shkall\u00ebs s\u00eb par\u00eb Puk\u00eb.<\/em><\/p>\n<p><em>Xhoana Mehmetaj em\u00ebrohet si prokuror dhe caktohet ne Prokurorin\u00eb pran\u00eb Shkall\u00ebs s\u00eb par\u00eb Dib\u00ebr.<\/em><\/p>\n<p><em>Florian Bori\u00e7i em\u00ebrohet si prokuror dhe caktohet ne Prokurorin\u00eb pran\u00eb Shkall\u00ebs s\u00eb par\u00eb Kruje.<\/em><\/p>\n<p><em>Ledion Tema em\u00ebrohet si prokuror dhe caktohet ne Prokurorin\u00eb pran\u00eb Shkall\u00ebs s\u00eb par\u00eb Berat.<\/em><\/p>\n<p><em>Gjergj Ceka em\u00ebrohet si prokuror dhe caktohet ne Prokurorin\u00eb pran\u00eb Shkall\u00ebs s\u00eb par\u00eb Kor\u00e7\u00eb.<\/em><\/p>\n<p><em>Adnan Hoxha em\u00ebrohet si prokuror dhe caktohet ne Prokurorin\u00eb pran\u00eb Shkall\u00ebs s\u00eb par\u00eb Gjirokast\u00ebr.<\/em><\/p>\n<p><em>Ermina Manelli em\u00ebrohet si prokuror dhe caktohet ne Prokurorin\u00eb pran\u00eb Shkall\u00ebs s\u00eb par\u00eb Gjirokast\u00ebr.<\/em><\/p>\n<p><em>Alba Dhima em\u00ebrohet si prokuror dhe caktohet ne Prokurorin\u00eb pran\u00eb Shkall\u00ebs s\u00eb par\u00eb Sarand\u00eb.<\/em><\/p>\n<p><em>Aurora Hajro em\u00ebrohet si prokuror dhe caktohet ne Prokurorin\u00eb pran\u00eb Shkall\u00ebs s\u00eb par\u00eb Sarand\u00eb.<\/em><\/p>\n","protected":false},"excerpt":{"rendered":"<p>Em\u00ebrohen 10 prokuror\u00eb t\u00eb rinj. Vendimi \u00ebsht\u00eb marr\u00eb gjat\u00eb mbledhjes s\u00eb sotme t\u00eb K\u00ebshillit t\u00eb Lart\u00eb t\u00eb Prokuroris\u00eb. Prokuror\u00ebt e rinj, deri m\u00eb tani kan\u00eb qen\u00eb magjistrat\u00eb. Em\u00ebrimet e reja: G\u00ebzim Spahiu em\u00ebrohet si prokuror dhe caktohet ne Prokurorin\u00eb pran\u00eb Shkall\u00ebs s\u00eb par\u00eb Shkod\u00ebr. Pierin \u00c7ukaj em\u00ebrohet si prokuror dhe caktohet ne Prokurorin\u00eb pran\u00eb Shkall\u00ebs [&hellip;]<\/p>\n","protected":false},"author":2013,"featured_media":121641,"comment_status":"open","ping_status":"closed","sticky":false,"template":"","format":"standard","meta":{"footnotes":""},"categories":[241,235],"tags":[],"class_list":{"0":"post-121777","1":"post","2":"type-post","3":"status-publish","4":"format-standard","5":"has-post-thumbnail","7":"category-aktualitet","8":"category-vendi"},"_links":{"self":[{"href":"https:\/\/zjarr.tv\/sq\/wp-json\/wp\/v2\/posts\/121777","targetHints":{"allow":["GET"]}}],"collection":[{"href":"https:\/\/zjarr.tv\/sq\/wp-json\/wp\/v2\/posts"}],"about":[{"href":"https:\/\/zjarr.tv\/sq\/wp-json\/wp\/v2\/types\/post"}],"author":[{"embeddable":true,"href":"https:\/\/zjarr.tv\/sq\/wp-json\/wp\/v2\/users\/2013"}],"replies":[{"embeddable":true,"href":"https:\/\/zjarr.tv\/sq\/wp-json\/wp\/v2\/comments?post=121777"}],"version-history":[{"count":0,"href":"https:\/\/zjarr.tv\/sq\/wp-json\/wp\/v2\/posts\/121777\/revisions"}],"wp:featuredmedia":[{"embeddable":true,"href":"https:\/\/zjarr.tv\/sq\/wp-json\/wp\/v2\/media\/121641"}],"wp:attachment":[{"href":"https:\/\/zjarr.tv\/sq\/wp-json\/wp\/v2\/media?parent=121777"}],"wp:term":[{"taxonomy":"category","embeddable":true,"href":"https:\/\/zjarr.tv\/sq\/wp-json\/wp\/v2\/categories?post=121777"},{"taxonomy":"post_tag","embeddable":true,"href":"https:\/\/zjarr.tv\/sq\/wp-json\/wp\/v2\/tags?post=121777"}],"curies":[{"name":"wp","href":"https:\/\/api.w.org\/{rel}","templated":true}]}}