{"id":121784,"date":"2020-02-11T12:38:10","date_gmt":"2020-02-11T11:38:10","guid":{"rendered":"https:\/\/zjarr.tv\/?p=121784"},"modified":"2020-02-11T12:38:10","modified_gmt":"2020-02-11T11:38:10","slug":"cfare-rrezikon-shqiperia-nga-stuhia-ciara","status":"publish","type":"post","link":"https:\/\/zjarr.tv\/sq\/cfare-rrezikon-shqiperia-nga-stuhia-ciara\/","title":{"rendered":"\u00c7far\u00eb rrezikon Shqip\u00ebria nga stuhia \u2018Ciara\u2019"},"content":{"rendered":"<p>Moti i keq q\u00eb parashikohet t\u00eb prek\u00eb t\u00eb gjith\u00eb vendin dit\u00ebn e premte nuk do t\u00eb jet\u00eb si pasoj\u00eb e stuhis\u00eb \u201cCiara\u201d q\u00eb ka goditur Evrop\u00ebn me er\u00ebra t\u00eb forta dhe reshje t\u00eb dendura shiu, duke sh\u00ebnuar edhe viktima.<\/p>\n<p>N\u00eb nj\u00eb lidhje telefonike p\u00ebr \u201cNews24\u201d sinoptikania Adiola Bani tha se reshjet e shiut do t\u00eb arrijn\u00eb deri n\u00eb nivel mesatar, dit\u00ebn e premte. Nd\u00ebrkoh\u00eb, sipas parashikimit t\u00eb sinoptikanes, stuhia \u201cCiara\u201d do t\u00eb ndikoj\u00eb shum\u00eb pak te moti n\u00eb vendin ton\u00eb, pik\u00ebrisht dit\u00ebn e premte, e cila p\u00ebr pasoj\u00eb, do t\u00eb sjell\u00eb nj\u00eb r\u00ebnie temperaturash dit\u00ebn e shtun\u00eb.<\/p>\n<p>\u201cVeni jon\u00eb do mbetet n\u00eb periferi t\u00eb k\u00ebsaj stuhie, duke b\u00ebr\u00eb q\u00eb ne t\u00eb kemi reshje shiu dhe d\u00ebbore n\u00eb sasi shum\u00eb t\u00eb pakta. Dita e premte do sjell\u00eb sasi m\u00eb t\u00eb konsiderueshme t\u00eb reshjeve t\u00eb shiut, me intensitet mesatar, nd\u00ebrsa n\u00eb zonat malore do t\u00eb kemi reshje d\u00ebbore. Stuhia \u201cCiara\u201d na prek shum\u00eb pak. Te ne ndikon duke sjell\u00eb dit\u00ebn e premte reshje shiu me intensitet mesatar, por jo n\u00eb sasi t\u00eb konsiderueshme, duke mos sjell\u00eb p\u00ebrmbytje, pasi sasia e reshjeve nuk do t\u00eb jet\u00eb shum\u00eb e madhe. Sa i p\u00ebrket temperaturave, deri t\u00eb premten do t\u00eb mbeten t\u00eb larta, nd\u00ebrsa e shtuna do sjell\u00eb r\u00ebnie t\u00eb temperaturave n\u00eb m\u00ebngjes, q\u00eb zbresin deri n\u00eb -4 n\u00eb zonat malore. T\u00eb premten do t\u00eb ket\u00eb temperatura t\u00eb larta, duke b\u00ebr\u00eb q\u00eb t\u00eb mos kemi reshje d\u00ebbore\u201d, tha sinoptikania Bani.<\/p>\n","protected":false},"excerpt":{"rendered":"<p>Moti i keq q\u00eb parashikohet t\u00eb prek\u00eb t\u00eb gjith\u00eb vendin dit\u00ebn e premte nuk do t\u00eb jet\u00eb si pasoj\u00eb e stuhis\u00eb \u201cCiara\u201d q\u00eb ka goditur Evrop\u00ebn me er\u00ebra t\u00eb forta dhe reshje t\u00eb dendura shiu, duke sh\u00ebnuar edhe viktima. N\u00eb nj\u00eb lidhje telefonike p\u00ebr \u201cNews24\u201d sinoptikania Adiola Bani tha se reshjet e shiut do t\u00eb [&hellip;]<\/p>\n","protected":false},"author":2013,"featured_media":121785,"comment_status":"open","ping_status":"closed","sticky":false,"template":"","format":"standard","meta":{"footnotes":""},"categories":[241,235],"tags":[],"class_list":{"0":"post-121784","1":"post","2":"type-post","3":"status-publish","4":"format-standard","5":"has-post-thumbnail","7":"category-aktualitet","8":"category-vendi"},"_links":{"self":[{"href":"https:\/\/zjarr.tv\/sq\/wp-json\/wp\/v2\/posts\/121784","targetHints":{"allow":["GET"]}}],"collection":[{"href":"https:\/\/zjarr.tv\/sq\/wp-json\/wp\/v2\/posts"}],"about":[{"href":"https:\/\/zjarr.tv\/sq\/wp-json\/wp\/v2\/types\/post"}],"author":[{"embeddable":true,"href":"https:\/\/zjarr.tv\/sq\/wp-json\/wp\/v2\/users\/2013"}],"replies":[{"embeddable":true,"href":"https:\/\/zjarr.tv\/sq\/wp-json\/wp\/v2\/comments?post=121784"}],"version-history":[{"count":0,"href":"https:\/\/zjarr.tv\/sq\/wp-json\/wp\/v2\/posts\/121784\/revisions"}],"wp:featuredmedia":[{"embeddable":true,"href":"https:\/\/zjarr.tv\/sq\/wp-json\/wp\/v2\/media\/121785"}],"wp:attachment":[{"href":"https:\/\/zjarr.tv\/sq\/wp-json\/wp\/v2\/media?parent=121784"}],"wp:term":[{"taxonomy":"category","embeddable":true,"href":"https:\/\/zjarr.tv\/sq\/wp-json\/wp\/v2\/categories?post=121784"},{"taxonomy":"post_tag","embeddable":true,"href":"https:\/\/zjarr.tv\/sq\/wp-json\/wp\/v2\/tags?post=121784"}],"curies":[{"name":"wp","href":"https:\/\/api.w.org\/{rel}","templated":true}]}}