{"id":121788,"date":"2020-02-12T11:03:28","date_gmt":"2020-02-12T10:03:28","guid":{"rendered":"https:\/\/zjarr.tv\/?p=121788"},"modified":"2020-02-12T11:12:41","modified_gmt":"2020-02-12T10:12:41","slug":"ministri-i-jashtem-i-turqise-vizite-zyrtare-ne-shqiperi","status":"publish","type":"post","link":"https:\/\/zjarr.tv\/sq\/ministri-i-jashtem-i-turqise-vizite-zyrtare-ne-shqiperi\/","title":{"rendered":"Ministri i Jasht\u00ebm i Turqis\u00eb, vizit\u00eb zyrtare n\u00eb Shqip\u00ebri"},"content":{"rendered":"<p>Ministri i Pun\u00ebve t\u00eb Jashtme t\u00eb Turqis\u00eb, Mevlut \u00c7avushollu (Mevlut \u00c7avusoglu) ndodhet n\u00eb Shqip\u00ebri n\u00eb kuad\u00ebr t\u00eb vizit\u00ebs s\u00eb tij zyrtare.<\/p>\n<p>Gjat\u00eb dit\u00ebs s\u00eb mart\u00eb ministri \u00c7avushollu vizitoi Universitetin \u201cNew York Tirana\u201d t\u00eb fondacionit turk \u201cMaarif\u201d dhe pati nj\u00eb takim n\u00eb Tiran\u00eb me qytetar\u00ebt turq dhe zyrtar\u00ebt e institucioneve turke n\u00eb Shqip\u00ebri, njoftoi Anadolu Agency.<\/p>\n<p>Kryediplomati turk ishte pjes\u00eb e ceremonis\u00eb s\u00eb hapjes s\u00eb zyr\u00ebs s\u00eb re t\u00eb Qendr\u00ebs p\u00ebr K\u00ebrkime Ballkanike (Balkan Research Center-BRC), e cila do t\u00eb funksionoj\u00eb n\u00eb kuad\u00ebr t\u00eb Universitetit \u201cNew York Tirana\u201d (UNYT), nd\u00ebrsa pjes\u00eb e ceremonis\u00eb ishte edhe ambasadori i Turqis\u00eb n\u00eb Tiran\u00eb, Murat Ahmet Y\u00f6r\u00fck, p\u00ebrfaq\u00ebsues t\u00eb Fondacionit Turk \u201cMaarif\u201d, drejtues t\u00eb universitetit, studiues dhe student\u00eb.<\/p>\n<p>Nd\u00ebrkoh\u00eb, n\u00eb nj\u00eb deklarat\u00eb nga Ministria e Pun\u00ebve t\u00eb Jashtme t\u00eb Turqis\u00eb, n\u00eb lidhje me vizit\u00ebn e ministrit \u00c7avushollu n\u00eb Shqip\u00ebri thuhet se &#8220;Me Shqip\u00ebrin\u00eb v\u00ebllaz\u00ebrore do t\u00eb diskutohen marr\u00ebdh\u00ebniet bilaterale si dhe mund\u00ebsit\u00eb e bashk\u00ebpunimit. Do t\u00eb ndahen p\u00ebrvojat mbi proceset e pranimit n\u00eb BE, si dhe do t\u00eb shk\u00ebmbehen pik\u00ebpamjet mbi \u00e7\u00ebshtjet rajonale dhe nd\u00ebrkomb\u00ebtare&#8221;.<\/p>\n<p>Ministri \u00c7avusoglu, gjat\u00eb dit\u00ebs s\u00eb sotme do t\u00eb realizoj\u00eb takime me zyrtar\u00eb t\u00eb lart\u00eb t\u00eb Shqip\u00ebris\u00eb, si me Kryetarin e Kuvendit Gramoz Ru\u00e7i, ministrin n\u00eb detyr\u00eb p\u00ebr Evrop\u00ebn dhe Pun\u00ebt e Jashtme Gent Cakaj dhe zyrtar\u00eb t\u00eb tjer\u00eb<\/p>\n","protected":false},"excerpt":{"rendered":"<p>Ministri i Pun\u00ebve t\u00eb Jashtme t\u00eb Turqis\u00eb, Mevlut \u00c7avushollu (Mevlut \u00c7avusoglu) ndodhet n\u00eb Shqip\u00ebri n\u00eb kuad\u00ebr t\u00eb vizit\u00ebs s\u00eb tij zyrtare. Gjat\u00eb dit\u00ebs s\u00eb mart\u00eb ministri \u00c7avushollu vizitoi Universitetin \u201cNew York Tirana\u201d t\u00eb fondacionit turk \u201cMaarif\u201d dhe pati nj\u00eb takim n\u00eb Tiran\u00eb me qytetar\u00ebt turq dhe zyrtar\u00ebt e institucioneve turke n\u00eb Shqip\u00ebri, njoftoi Anadolu Agency. [&hellip;]<\/p>\n","protected":false},"author":2013,"featured_media":121790,"comment_status":"open","ping_status":"closed","sticky":false,"template":"","format":"standard","meta":{"footnotes":""},"categories":[241,235],"tags":[],"class_list":{"0":"post-121788","1":"post","2":"type-post","3":"status-publish","4":"format-standard","5":"has-post-thumbnail","7":"category-aktualitet","8":"category-vendi"},"_links":{"self":[{"href":"https:\/\/zjarr.tv\/sq\/wp-json\/wp\/v2\/posts\/121788","targetHints":{"allow":["GET"]}}],"collection":[{"href":"https:\/\/zjarr.tv\/sq\/wp-json\/wp\/v2\/posts"}],"about":[{"href":"https:\/\/zjarr.tv\/sq\/wp-json\/wp\/v2\/types\/post"}],"author":[{"embeddable":true,"href":"https:\/\/zjarr.tv\/sq\/wp-json\/wp\/v2\/users\/2013"}],"replies":[{"embeddable":true,"href":"https:\/\/zjarr.tv\/sq\/wp-json\/wp\/v2\/comments?post=121788"}],"version-history":[{"count":0,"href":"https:\/\/zjarr.tv\/sq\/wp-json\/wp\/v2\/posts\/121788\/revisions"}],"wp:featuredmedia":[{"embeddable":true,"href":"https:\/\/zjarr.tv\/sq\/wp-json\/wp\/v2\/media\/121790"}],"wp:attachment":[{"href":"https:\/\/zjarr.tv\/sq\/wp-json\/wp\/v2\/media?parent=121788"}],"wp:term":[{"taxonomy":"category","embeddable":true,"href":"https:\/\/zjarr.tv\/sq\/wp-json\/wp\/v2\/categories?post=121788"},{"taxonomy":"post_tag","embeddable":true,"href":"https:\/\/zjarr.tv\/sq\/wp-json\/wp\/v2\/tags?post=121788"}],"curies":[{"name":"wp","href":"https:\/\/api.w.org\/{rel}","templated":true}]}}