{"id":121800,"date":"2020-02-12T11:34:37","date_gmt":"2020-02-12T10:34:37","guid":{"rendered":"https:\/\/zjarr.tv\/?p=121800"},"modified":"2020-02-12T11:34:37","modified_gmt":"2020-02-12T10:34:37","slug":"pas-brexit-be-gati-ti-ofrojme-britanise-se-madhe-dicka-qe-nuk-e-kemi-ofruar-kurre-me-pare","status":"publish","type":"post","link":"https:\/\/zjarr.tv\/sq\/pas-brexit-be-gati-ti-ofrojme-britanise-se-madhe-dicka-qe-nuk-e-kemi-ofruar-kurre-me-pare\/","title":{"rendered":"Pas Brexit, BE: Gati t\u2019i ofrojm\u00eb Britanis\u00eb s\u00eb Madhe di\u00e7ka q\u00eb nuk e kemi ofruar kurr\u00eb m\u00eb par\u00eb"},"content":{"rendered":"<p>BE \u00ebsht\u00eb i gatsh\u00ebm t\u2019i ofroj\u00eb Britanis\u00eb s\u00eb Madhe \u201cdi\u00e7ka q\u00eb nuk e kemi ofruar kurr\u00eb m\u00eb par\u00eb\u201d si marr\u00ebveshje tregtare tha Presidentja e Komisionit Evropian Ursula von der Leyen, por jo pa paraqitur k\u00ebrkesa t\u00eb vetat. Ursula von der Leyen e deklaroi k\u00ebt\u00eb n\u00eb Strasburg, n\u00eb lidhje me ato q\u00eb priten t\u00eb jen\u00eb negociata t\u00eb v\u00ebshtira p\u00ebr t\u00eb ardhmen e tregtis\u00eb midis bllokut t\u00eb BE dhe Britanis\u00eb s\u00eb Madhe, q\u00eb u largua nga BE.<\/p>\n<p>Presidentja e p\u00ebrsh\u00ebndeti thirrjen e fundit t\u00eb kryeministrit t\u00eb Britanis\u00eb s\u00eb Madhe, Boris Johnson q\u00eb Mbret\u00ebria e Bashkuar pas Brexitit t\u00eb b\u00ebhet \u201ckampione globale e tregtis\u00eb s\u00eb lir\u00eb\u201d. Eurodeputet\u00ebve ajo u tha se edhe BE e mir\u00ebpret nj\u00eb sistem tregtar \u201cm\u00eb t\u00eb drejt\u00eb dhe m\u00eb t\u00eb fort\u00eb\u201d.<\/p>\n<p>\u201cNj\u00eb sistem tregtar q\u00eb \u00ebsht\u00eb i hapur nga nj\u00ebra an\u00eb, dhe \u00ebsht\u00eb i drejt\u00eb nga ana tjet\u00ebr,\u201d tha ajo. Presidentja e Komisionit i vler\u00ebsoi marr\u00ebveshjet e tanishme tregtare t\u00eb lidhura me Japonin\u00eb dhe Kanadan\u00eb, duke th\u00ebn\u00eb se BE \u00ebsht\u00eb i gatsh\u00ebm t\u2019i ofroj\u00eb Britanis\u00eb s\u00eb Madhe \u201cdi\u00e7ka q\u00eb nuk e kemi ofruar kurr\u00eb, kurr\u00eb m\u00eb par\u00eb p\u00ebr k\u00ebdo tjet\u00ebr\u201d. BE ka p\u00ebrfytyrimin p\u00ebr nj\u00eb marr\u00ebveshje pa dogana dhe kuota tregtare p\u00ebr t\u00eb gjitha mallrat, tha Presidentja.<\/p>\n<p><strong>BE: \u2018Jo iluzione\u2019 p\u00ebr sh\u00ebrbimet financiare<\/strong><\/p>\n<p>\u201cNj\u00eb model i ri tregtie, qasje unike,\u201d vazhdoi ajo. \u201cPor sigurisht kjo k\u00ebrkon garanci korresponduese p\u00ebr konkurrenc\u00eb korrekte dhe standarde sociale, mjedisore dhe t\u00eb konsumator\u00ebve.\u201d T\u00eb gjitha marr\u00ebveshjet tregtare vijn\u00eb \u201cjo vet\u00ebm me t\u00eb drejta, por edhe me detyrime nga t\u00eb dyja pal\u00ebt\u201d, tha ajo.<\/p>\n<p>N\u00eb lidhje me sh\u00ebrbimet financiare \u2013 nj\u00eb sektor ky\u00e7 p\u00ebr ekonomin\u00eb e Britanis\u00eb s\u00eb Madhe \u2013 Michel Barnier, kryenegociatori i BE p\u00ebr Brexit-it dhe pas-Brexitin, theksoi se Mbret\u00ebria e Bashkuar nuk duhet t\u00eb ket\u00eb \u201casnj\u00eb iluzion p\u00ebr k\u00ebt\u00eb \u00e7\u00ebshtje; nuk do t\u00eb ket\u00eb asnj\u00eb ekuivalent t\u00eb p\u00ebrgjithsh\u00ebm, global ose t\u00eb p\u00ebrhersh\u00ebm n\u00eb sh\u00ebrbimet financiare\u201d.<\/p>\n<div class=\"picBox full\nrechts\n\"><a href=\"https:\/\/www.dw.com\/image\/52242725_401.jpg\" rel=\"lightbox\"><img decoding=\"async\" title=\"Michel Barnier, EU-Chefunterh\u00e4ndler (DW\/B. Riegert)\" src=\"https:\/\/www.dw.com\/image\/52242725_401.jpg\" alt=\"Michel Barnier, EU-Chefunterh\u00e4ndler (DW\/B. Riegert)\" \/><\/a><\/div>\n<p>M\u00eb her\u00ebt, shefi i thesarit n\u00eb Mbret\u00ebrin\u00eb e Bashkuar Sajid Javid, tha n\u00eb nj\u00eb artikull p\u00ebr t\u00eb p\u00ebrditshmen e biznesit City A.M. se Britania \u00ebsht\u00eb e prirur t\u00eb zhvilloj\u00eb nj\u00eb \u201cmarr\u00ebdh\u00ebnie t\u00eb q\u00ebndrueshme\u201d me BE p\u00ebr sh\u00ebrbimet financiare. Ai theksoi nevoj\u00ebn \u201cp\u00ebr t\u00eb trajtuar nevojat afatgjata t\u00eb industris\u00eb p\u00ebr nj\u00eb proces t\u00eb besuesh\u00ebm ekuivalent\u201d, duke iu referuar korniz\u00ebs s\u00eb BE p\u00ebr qasje n\u00eb tregjet financiare t\u00eb t\u00eb gjith\u00eb BE. Javidi beson se arritja e ekuivalenc\u00ebs nuk duhet t\u00eb jet\u00eb \u201ce nd\u00ebrlikuar\u201d dhe shtoi se rregulloret duhet t\u00eb jen\u00eb \u201ct\u00eb pajtueshme\u201d, por jo domosdoshm\u00ebrisht \u201cidentike\u201d.<\/p>\n<p><strong>\u2018Modeli\u2019 australian?<\/strong><\/p>\n<p>Von der Leyen u shpreh e habitur, megjithat\u00eb, q\u00eb Johnson p\u00ebrmendi koh\u00ebt e fundit \u201cmodelin australian\u201d, pasi BE-ja aktualisht nuk ka nj\u00eb marr\u00ebveshje tregtare me Australin\u00eb, por po k\u00ebrkon ta ndryshoj\u00eb k\u00ebt\u00eb gjendje. \u201cNe thjesht jemi n\u00eb momentin kur po biem dakord me Australin\u00eb q\u00eb duhet t\u2019i japim fund k\u00ebsaj situate dhe po punojm\u00eb p\u00ebr nj\u00eb marr\u00ebveshje tregtare me ta,\u201d tha von der Leyen, duke shtuar se \u201cnatyrisht Mbret\u00ebria e Bashkuar mund t\u00eb vendos\u00eb p\u00ebr m\u00eb pak, un\u00eb personalisht besoj se duhet t\u00eb jemi m\u00eb ambicioz\u00eb\u201d.<\/p>\n<p>Ambicia reciproke e tregtis\u00eb dhe nj\u00eb marr\u00ebveshje e p\u00ebrshtatshme do t\u00eb \u201cshkaktonin nj\u00eb konkurrenc\u00eb dinamike n\u00eb rritje\u201d, nga e cila do t\u00eb p\u00ebrfitonin t\u00eb dyja pal\u00ebt, tha von der Leyen para Parlamentit Evropian. BE ka th\u00ebn\u00eb q\u00eb sa m\u00eb shum\u00eb t\u2019u p\u00ebrmbahet Britania e Madhe rregullave t\u00eb bllokut, aq m\u00eb e af\u00ebrt do t\u00eb jet\u00eb marr\u00ebdh\u00ebnia ekonomike midis dy pal\u00ebve.<\/p>\n<p>Britania e Madhe u largua nga BE m\u00eb 31 janar, pas 47 vjet\u00ebsh an\u00ebtar\u00ebsimi.<\/p>\n","protected":false},"excerpt":{"rendered":"<p>BE \u00ebsht\u00eb i gatsh\u00ebm t\u2019i ofroj\u00eb Britanis\u00eb s\u00eb Madhe \u201cdi\u00e7ka q\u00eb nuk e kemi ofruar kurr\u00eb m\u00eb par\u00eb\u201d si marr\u00ebveshje tregtare tha Presidentja e Komisionit Evropian Ursula von der Leyen, por jo pa paraqitur k\u00ebrkesa t\u00eb vetat. Ursula von der Leyen e deklaroi k\u00ebt\u00eb n\u00eb Strasburg, n\u00eb lidhje me ato q\u00eb priten t\u00eb jen\u00eb negociata [&hellip;]<\/p>\n","protected":false},"author":2013,"featured_media":0,"comment_status":"open","ping_status":"closed","sticky":false,"template":"","format":"standard","meta":{"footnotes":""},"categories":[241,235],"tags":[],"class_list":{"0":"post-121800","1":"post","2":"type-post","3":"status-publish","4":"format-standard","6":"category-aktualitet","7":"category-vendi"},"_links":{"self":[{"href":"https:\/\/zjarr.tv\/sq\/wp-json\/wp\/v2\/posts\/121800","targetHints":{"allow":["GET"]}}],"collection":[{"href":"https:\/\/zjarr.tv\/sq\/wp-json\/wp\/v2\/posts"}],"about":[{"href":"https:\/\/zjarr.tv\/sq\/wp-json\/wp\/v2\/types\/post"}],"author":[{"embeddable":true,"href":"https:\/\/zjarr.tv\/sq\/wp-json\/wp\/v2\/users\/2013"}],"replies":[{"embeddable":true,"href":"https:\/\/zjarr.tv\/sq\/wp-json\/wp\/v2\/comments?post=121800"}],"version-history":[{"count":0,"href":"https:\/\/zjarr.tv\/sq\/wp-json\/wp\/v2\/posts\/121800\/revisions"}],"wp:attachment":[{"href":"https:\/\/zjarr.tv\/sq\/wp-json\/wp\/v2\/media?parent=121800"}],"wp:term":[{"taxonomy":"category","embeddable":true,"href":"https:\/\/zjarr.tv\/sq\/wp-json\/wp\/v2\/categories?post=121800"},{"taxonomy":"post_tag","embeddable":true,"href":"https:\/\/zjarr.tv\/sq\/wp-json\/wp\/v2\/tags?post=121800"}],"curies":[{"name":"wp","href":"https:\/\/api.w.org\/{rel}","templated":true}]}}