{"id":121806,"date":"2020-02-12T11:42:39","date_gmt":"2020-02-12T10:42:39","guid":{"rendered":"https:\/\/zjarr.tv\/?p=121806"},"modified":"2020-02-12T11:42:39","modified_gmt":"2020-02-12T10:42:39","slug":"ministri-lleshaj-e-pranon-publikisht-morem-nje-sasi-gazi-lotsjelles-nga-kosova-ne-qershor-te-2019-es-por","status":"publish","type":"post","link":"https:\/\/zjarr.tv\/sq\/ministri-lleshaj-e-pranon-publikisht-morem-nje-sasi-gazi-lotsjelles-nga-kosova-ne-qershor-te-2019-es-por\/","title":{"rendered":"Ministri Lleshaj e pranon publikisht: Mor\u00ebm nj\u00eb sasi gazi lotsjell\u00ebs nga Kosova n\u00eb qershor t\u00eb 2019-\u00ebs, por\u2026"},"content":{"rendered":"<p>Ministri i Brendsh\u00ebm, Sand\u00ebr Lleshaj, pranoi se Policia e Shtetit ka marr\u00eb gaz lotsjell\u00ebs nga Kosova, gjat\u00eb periudh\u00ebs s\u00eb protestave t\u00eb opozit\u00ebs. I thirrur n\u00eb interpelenc\u00eb n\u00eb Kuvend p\u00ebr p\u00ebrdorimin e gazit lotsjell\u00ebs nga policia, Lleshaj theksoi se ky gaz ka qen\u00eb nga rezervat q\u00eb policia ka pasur nga qeverisja e kaluar. Por, sipas ministrit Lleshaj, \u00ebsht\u00eb marr\u00eb n\u00eb muajin qershor t\u00eb 2019-\u00ebs nj\u00eb sasi gazi nga Kosova, i cili sipas tij, nuk \u00ebsht\u00eb p\u00ebrdorur asnj\u00ebher\u00eb, por \u00ebsht\u00eb kthyer s\u00ebrish atje ku \u00ebsht\u00eb marr\u00eb.<\/p>\n<p>M\u00eb tej, ai shtoi se gjat\u00eb vitit 2019 polic\u00ebt kan\u00eb rrezikuar jet\u00ebn nga protestat, por sipas tij, ja kan\u00eb dal\u00eb t\u00eb mbrojn\u00eb jet\u00ebn e qytetar\u00ebve, ku p\u00ebr fat t\u00eb mir\u00eb nuk pati asnj\u00eb viktim\u00eb.<\/p>\n<p>\u201cM\u00eb 2019 institucionet e shtetit shqiptar jan\u00eb v\u00ebr\u00eb p\u00ebrball\u00eb sulmeve t\u00eb dhunshme, q\u00eb kan\u00eb paraqitur rrezik p\u00ebr institucionet p\u00ebr jet\u00ebn e qytetar\u00ebve, t\u00eb deputet\u00ebve, t\u00eb zyrtar\u00ebve t\u00eb lart\u00eb t\u00eb shtetit dhe kan\u00eb sfiduar rendin kushtetues t\u00eb Shqip\u00ebris\u00eb. p\u00ebrball\u00eb k\u00ebtyre kushteve, policia ka aplikuar nj\u00eb strategji de-eskaluese, q\u00eb synon jo p\u00ebrshkall\u00ebzim, por de-eskalim. Policia ka vepruar nj\u00eb shkall\u00eb m\u00eb posht\u00eb, n\u00eb nivelin me t\u00eb cilin \u00ebsht\u00eb ndeshur, dhe ka luftuar q\u00eb t\u00eb mos ket\u00eb asnj\u00eb viktim\u00eb. Ja ka dal\u00eb t\u00eb mbroj\u00eb jet\u00ebn e qytetar\u00ebve. Ja arrit\u00ebn p\u00ebr her\u00eb t\u00eb par\u00eb q\u00eb t\u00eb mos kemi gjak n\u00eb rrug\u00ebt e vendit, arm\u00eb e jet\u00eb t\u00eb humbura. Gazi \u00ebsht\u00eb p\u00ebrdorur nga rezervat q\u00eb policia ka pasur q\u00eb prej qeverisjes s\u00eb m\u00ebparshme.<\/p>\n<p>Nga Kosova \u00ebsht\u00eb marr\u00eb n\u00eb muajin qershor nj\u00eb sasi dhe nuk \u00ebsht\u00eb p\u00ebrdorur asnj\u00ebher\u00eb, \u00ebsht\u00eb kthyer s\u00ebrish atje ku \u00ebsht\u00eb marr\u00eb. \u00cbsht\u00eb fatkeq\u00ebsi dhe turp i madh p\u00ebr k\u00ebdo q\u00eb merr dhe ballafaqon f\u00ebmij\u00eb, gra e pleq p\u00ebrpara policis\u00eb. Policia kurr\u00eb nuk \u00ebsht\u00eb angazhuar dhe as do angazhohet me forc\u00eb p\u00ebrball\u00eb qytetar\u00ebve t\u00eb saj, grave e f\u00ebmij\u00ebve, por ndaj atyre q\u00eb shkelin ligjin, q\u00eb kryejn\u00eb krime. Policia ekziston p\u00ebr t\u00eb frenuar kriminel\u00ebt, jo popullin. Kush \u00ebsht\u00eb ai burr\u00eb shqiptari q\u00eb i merr f\u00ebmij\u00ebt e grat\u00eb p\u00ebr t\u2019i ballafaquar me policin\u00eb? Duhet t\u00eb jesh aq dinjitoz, sa p\u00ebr t\u00eb larguar f\u00ebmij\u00ebt nga dhuna. Ata q\u00eb kan\u00eb v\u00ebn\u00eb f\u00ebmij\u00ebt para polic\u00ebve, kan\u00eb shkelur \u00e7do etik\u00eb\u201d, tha Lleshaj.<\/p>\n","protected":false},"excerpt":{"rendered":"<p>Ministri i Brendsh\u00ebm, Sand\u00ebr Lleshaj, pranoi se Policia e Shtetit ka marr\u00eb gaz lotsjell\u00ebs nga Kosova, gjat\u00eb periudh\u00ebs s\u00eb protestave t\u00eb opozit\u00ebs. I thirrur n\u00eb interpelenc\u00eb n\u00eb Kuvend p\u00ebr p\u00ebrdorimin e gazit lotsjell\u00ebs nga policia, Lleshaj theksoi se ky gaz ka qen\u00eb nga rezervat q\u00eb policia ka pasur nga qeverisja e kaluar. Por, sipas ministrit [&hellip;]<\/p>\n","protected":false},"author":2013,"featured_media":121807,"comment_status":"open","ping_status":"closed","sticky":false,"template":"","format":"standard","meta":{"footnotes":""},"categories":[241,235],"tags":[],"class_list":{"0":"post-121806","1":"post","2":"type-post","3":"status-publish","4":"format-standard","5":"has-post-thumbnail","7":"category-aktualitet","8":"category-vendi"},"_links":{"self":[{"href":"https:\/\/zjarr.tv\/sq\/wp-json\/wp\/v2\/posts\/121806","targetHints":{"allow":["GET"]}}],"collection":[{"href":"https:\/\/zjarr.tv\/sq\/wp-json\/wp\/v2\/posts"}],"about":[{"href":"https:\/\/zjarr.tv\/sq\/wp-json\/wp\/v2\/types\/post"}],"author":[{"embeddable":true,"href":"https:\/\/zjarr.tv\/sq\/wp-json\/wp\/v2\/users\/2013"}],"replies":[{"embeddable":true,"href":"https:\/\/zjarr.tv\/sq\/wp-json\/wp\/v2\/comments?post=121806"}],"version-history":[{"count":0,"href":"https:\/\/zjarr.tv\/sq\/wp-json\/wp\/v2\/posts\/121806\/revisions"}],"wp:featuredmedia":[{"embeddable":true,"href":"https:\/\/zjarr.tv\/sq\/wp-json\/wp\/v2\/media\/121807"}],"wp:attachment":[{"href":"https:\/\/zjarr.tv\/sq\/wp-json\/wp\/v2\/media?parent=121806"}],"wp:term":[{"taxonomy":"category","embeddable":true,"href":"https:\/\/zjarr.tv\/sq\/wp-json\/wp\/v2\/categories?post=121806"},{"taxonomy":"post_tag","embeddable":true,"href":"https:\/\/zjarr.tv\/sq\/wp-json\/wp\/v2\/tags?post=121806"}],"curies":[{"name":"wp","href":"https:\/\/api.w.org\/{rel}","templated":true}]}}