{"id":121826,"date":"2020-02-12T12:11:28","date_gmt":"2020-02-12T11:11:28","guid":{"rendered":"https:\/\/zjarr.tv\/?p=121826"},"modified":"2020-02-12T12:11:28","modified_gmt":"2020-02-12T11:11:28","slug":"dritan-dajtit-dhe-xhevdet-troplinit-u-kerkohet-te-justifikojne-pasurine","status":"publish","type":"post","link":"https:\/\/zjarr.tv\/sq\/dritan-dajtit-dhe-xhevdet-troplinit-u-kerkohet-te-justifikojne-pasurine\/","title":{"rendered":"Dritan Dajtit dhe Xhevdet Troplinit u k\u00ebrkohet t\u00eb justifikojn\u00eb pasurin\u00eb"},"content":{"rendered":"<p>Operacioni Forca e ligjit ka d\u00ebrguar sot dy k\u00ebrkesat e radh\u00ebs p\u00ebr vet\u00ebdeklarim t\u00eb pasuris\u00eb.<\/p>\n<p>Formular\u00ebt u jan\u00eb nisur shtetasve Dritan Dajti, i cili aktualisht po kryen d\u00ebnimin n\u00eb burg \u00a0p\u00ebr vrasjen e kat\u00ebr polic\u00ebve dhe Xhevdet Troplinit, i d\u00ebnuar p\u00ebr trafik narkotik\u00ebsh.<\/p>\n<p><em>&#8220;D. D., me banim n\u00eb Tiran\u00eb, i d\u00ebnuar p\u00ebr veprat penale: &#8220;Vrasja n\u00eb rrethana t\u00eb tjera cil\u00ebsuese&#8221;, &#8220;Mbajtja pa leje e arm\u00ebve luftarake&#8221;, &#8220;Falsifikimi i dokumenteve&#8221;, &#8220;Falsifikimi i vulave, stampave ose i formular\u00ebve&#8221; dhe &#8220;Mbajtja pa t\u00eb drejt\u00eb e uniform\u00ebs&#8221; dhe Xh. T, me banim n\u00eb Durr\u00ebs, i d\u00ebnuar p\u00ebr trafikim t\u00eb l\u00ebnd\u00ebve narkotike&#8221; njofton OPL.<\/em><\/p>\n<p>K\u00ebta individ\u00eb, si subjekt i Ligjit Special, duhet t\u2019u p\u00ebrgjigjen me shkrim, brenda 48 or\u00ebsh, t\u00eb gjitha pyetjeve t\u00eb OFL-s\u00eb.<\/p>\n<p>M\u00eb pas, p\u00ebrgjigjet e marra do t\u2019i d\u00ebrgohen SPAK-ut, p\u00ebr veprime t\u00eb m\u00ebtejshme.<\/p>\n<p>OFL \u00ebsht\u00eb n\u00eb veprim t\u00eb pand\u00ebrprer\u00eb dhe n\u00eb kryerje t\u00eb veprimeve komplekse, p\u00ebr t\u00eb evidentuar dhe d\u00ebrguar n\u00eb SPAK, t\u00eb gjith\u00eb personat q\u00eb jan\u00eb subjekt i Ligjit Special.<\/p>\n","protected":false},"excerpt":{"rendered":"<p>Operacioni Forca e ligjit ka d\u00ebrguar sot dy k\u00ebrkesat e radh\u00ebs p\u00ebr vet\u00ebdeklarim t\u00eb pasuris\u00eb. Formular\u00ebt u jan\u00eb nisur shtetasve Dritan Dajti, i cili aktualisht po kryen d\u00ebnimin n\u00eb burg \u00a0p\u00ebr vrasjen e kat\u00ebr polic\u00ebve dhe Xhevdet Troplinit, i d\u00ebnuar p\u00ebr trafik narkotik\u00ebsh. &#8220;D. D., me banim n\u00eb Tiran\u00eb, i d\u00ebnuar p\u00ebr veprat penale: &#8220;Vrasja [&hellip;]<\/p>\n","protected":false},"author":2013,"featured_media":121248,"comment_status":"open","ping_status":"closed","sticky":false,"template":"","format":"standard","meta":{"footnotes":""},"categories":[241,235],"tags":[],"class_list":{"0":"post-121826","1":"post","2":"type-post","3":"status-publish","4":"format-standard","5":"has-post-thumbnail","7":"category-aktualitet","8":"category-vendi"},"_links":{"self":[{"href":"https:\/\/zjarr.tv\/sq\/wp-json\/wp\/v2\/posts\/121826","targetHints":{"allow":["GET"]}}],"collection":[{"href":"https:\/\/zjarr.tv\/sq\/wp-json\/wp\/v2\/posts"}],"about":[{"href":"https:\/\/zjarr.tv\/sq\/wp-json\/wp\/v2\/types\/post"}],"author":[{"embeddable":true,"href":"https:\/\/zjarr.tv\/sq\/wp-json\/wp\/v2\/users\/2013"}],"replies":[{"embeddable":true,"href":"https:\/\/zjarr.tv\/sq\/wp-json\/wp\/v2\/comments?post=121826"}],"version-history":[{"count":0,"href":"https:\/\/zjarr.tv\/sq\/wp-json\/wp\/v2\/posts\/121826\/revisions"}],"wp:featuredmedia":[{"embeddable":true,"href":"https:\/\/zjarr.tv\/sq\/wp-json\/wp\/v2\/media\/121248"}],"wp:attachment":[{"href":"https:\/\/zjarr.tv\/sq\/wp-json\/wp\/v2\/media?parent=121826"}],"wp:term":[{"taxonomy":"category","embeddable":true,"href":"https:\/\/zjarr.tv\/sq\/wp-json\/wp\/v2\/categories?post=121826"},{"taxonomy":"post_tag","embeddable":true,"href":"https:\/\/zjarr.tv\/sq\/wp-json\/wp\/v2\/tags?post=121826"}],"curies":[{"name":"wp","href":"https:\/\/api.w.org\/{rel}","templated":true}]}}